{"id":102645,"date":"2023-03-31T20:25:01","date_gmt":"2023-03-31T18:25:01","guid":{"rendered":"https:\/\/ibizavilla.com\/?p=102645"},"modified":"2023-04-01T11:06:35","modified_gmt":"2023-04-01T09:06:35","slug":"adlib-moda-historia-disenador-coleccion-2023","status":"publish","type":"post","link":"https:\/\/ibizavilla.com\/es\/adlib-moda-historia-disenador-coleccion-2023\/","title":{"rendered":"Adlib Moda: Historia, Dise\u00f1ador, Colecci\u00f3n 2023"},"content":{"rendered":"<p><a href=\"https:\/\/ibizavilla.com\/wp-content\/uploads\/2023\/03\/moda-adlib-ibiza-villa.jpg\"><img loading=\"lazy\" decoding=\"async\" class=\"alignnone size-full wp-image-102626\" src=\"https:\/\/ibizavilla.com\/wp-content\/uploads\/2023\/03\/moda-adlib-ibiza-villa.jpg\" alt=\"moda adlib ibiza villa\" width=\"1000\" height=\"666\" title=\"\" srcset=\"https:\/\/ibizavilla.com\/wp-content\/uploads\/2023\/03\/moda-adlib-ibiza-villa.jpg 1000w, https:\/\/ibizavilla.com\/wp-content\/uploads\/2023\/03\/moda-adlib-ibiza-villa-300x200.jpg 300w, https:\/\/ibizavilla.com\/wp-content\/uploads\/2023\/03\/moda-adlib-ibiza-villa-768x511.jpg 768w, https:\/\/ibizavilla.com\/wp-content\/uploads\/2023\/03\/moda-adlib-ibiza-villa-240x160.jpg 240w\" sizes=\"auto, (max-width: 1000px) 100vw, 1000px\" \/><\/a><\/p>\n<h1>Adlib Moda Ibiza<\/h1>\n<p><strong>Adlib Moda<\/strong> incluye en una \u00fanica marca lo mejor de la artesan\u00eda de la<strong> isla<\/strong>, donde se reencuentran los colores, los estilos y las tendencias de la isla en cada prende de <strong>vestir presentada por el Brand<\/strong>. Mas que una marca de moda Adlib es un verdadero estilo de vida. <strong>Se puede<\/strong> entender simplemente analizando la<strong> palabra que identifica<\/strong> esta marca, ap\u00f3cope de la expresi\u00f3n latina <strong>\u201cAd Libitum\u201d<\/strong>.<\/p>\n<p>La misma expresi\u00f3n <strong>se puede traducir con \u201clibertad\u201d<\/strong>, concepto que en este caso para Adlib Ibiza significa \u201c<strong>v\u00edstete como quieras<\/strong>\u201d. Se trata entonces de una <strong>diferente forma<\/strong> de entender la moda, un pensamiento, una corriente que ha<strong> sabido abrirse<\/strong> camino en todo el mundo.<\/p>\n<p><strong>Hoy Adlib Moda<\/strong> es una etiqueta que mas representa la isla de<strong> Ibiza en el mundo<\/strong>, entre las caracter\u00edsticas principales encontramos la alta calidad de los <strong>materiales usados<\/strong> para crear cada prenda de vestir, cada una<strong> creada artesanalmente<\/strong> en la isla, con m\u00e9todos <strong>tradicionales<\/strong>.<\/p>\n<p>Las <strong>caracter\u00edsticas distintivas<\/strong> de la etiqueta, o sea los valores que en el <strong>tiempo han sido<\/strong> capaz de render la marca bien reconocible y amada por el p\u00fablico, son dos:<strong> libertad y buen estilo<\/strong>.<\/p>\n<p>A continuaci\u00f3n, <strong>te vamos a indicar<\/strong> los brands que forman parte de Adlib Moda, los dise\u00f1adores,<strong> las colecciones<\/strong> y en fin los eventos organizados <strong>cada a\u00f1o en la isla<\/strong>.<\/p>\n<p><strong>\u00bfTe gustar\u00eda visitar Ibiza<\/strong> y alojarte en una villa de lujo cerca del mar? <strong>Ibiza Villa<\/strong> puede ofrecerle encantadoras<strong> villas<\/strong>, a solo unos minutos de las <strong>playas m\u00e1s famosas<\/strong> de la isla. <span style=\"color: #3366ff;\"><strong><a style=\"color: #3366ff;\" href=\"https:\/\/ibizavilla.com\/es\/contacto\/\">CONT\u00c1CTENOS<\/a><\/strong><\/span> !!<\/p>\n<p><a href=\"https:\/\/ibizavilla.com\/wp-content\/uploads\/2023\/03\/ibiza-villa-adlib-moda.jpg\"><img loading=\"lazy\" decoding=\"async\" class=\"alignnone size-large wp-image-102636\" src=\"https:\/\/ibizavilla.com\/wp-content\/uploads\/2023\/03\/ibiza-villa-adlib-moda-1024x554.jpg\" alt=\"ibiza villa adlib moda\" width=\"1024\" height=\"554\" title=\"\" srcset=\"https:\/\/ibizavilla.com\/wp-content\/uploads\/2023\/03\/ibiza-villa-adlib-moda-1024x554.jpg 1024w, https:\/\/ibizavilla.com\/wp-content\/uploads\/2023\/03\/ibiza-villa-adlib-moda-300x162.jpg 300w, https:\/\/ibizavilla.com\/wp-content\/uploads\/2023\/03\/ibiza-villa-adlib-moda-768x416.jpg 768w, https:\/\/ibizavilla.com\/wp-content\/uploads\/2023\/03\/ibiza-villa-adlib-moda.jpg 1386w\" sizes=\"auto, (max-width: 1024px) 100vw, 1024px\" \/><\/a><\/p>\n<h2><span lang=\"es-ES\"><b>Adlib Moda: la historia<\/b><\/span><\/h2>\n<p><strong>La historia de Adlib Moda<\/strong> se cruza con la historia mas reciente de la Isla, o mejor a partir de los<strong> a\u00f1os \u201970<\/strong> hasta el d\u00eda de hoy. Todo empez\u00f3 con la llegada en la<strong> isla del movimiento<\/strong> <span style=\"color: #3366ff;\"><strong><a style=\"color: #3366ff;\" href=\"https:\/\/es.wikipedia.org\/wiki\/Hippie\" target=\"_blank\" rel=\"noopener noreferrer\">Hippie<\/a><\/strong><\/span> y con el nacimiento de la <strong>Ibiza Fashion Week<\/strong> (la primera edici\u00f3n fue en 1971).<\/p>\n<p>Fue el primero y verdadero evento <strong>organizado en la isla<\/strong>, que atrajo a turistas y visitadores da todas <strong>partes del mundo<\/strong>. Los materiales hechos a mano, su suavidad y la <strong>calidad, hicieron el resto<\/strong>.<\/p>\n<p><strong>Esta ola de oportunidades<\/strong> y multiculturalidades que hab\u00eda en la isla, se transform\u00f3 en<strong> algo en concreto<\/strong>, o sea Adlib Fashion. La nueva marca nacida en la isla de <strong>Ibiza comenz\u00f3<\/strong> en inspirar miliares de j\u00f3venes, de dise\u00f1adores y estilistas, t<strong>odos unidos<\/strong> por el mismo principio: <strong>libertad<\/strong>.<\/p>\n<p><strong>Un papel clave en el nascimiento<\/strong> y crecimiento de la marca lo hube la princesa yugoslava <strong>Smilja Mihailovitch<\/strong>, verdadera embajadora en el mundo de<strong> este nuevo estilo<\/strong>.<\/p>\n<p>Gracias a ella los <strong>primeros artesanos<\/strong> en la isla consiguieron los permisos para <strong>organizar la primera hist\u00f3rica<\/strong> Adlib Fashion week. La princesa muri\u00f3 el <strong>2 noviembre 1994,<\/strong> en su casa en Ibiza.<\/p>\n<p><strong>Hoy en d\u00eda<\/strong>, despu\u00e9s de 48 a\u00f1os de actividad, la <strong>marca Adlib Ibiza continua<\/strong> a sorprender y inspirar millares de <strong>turistas y extranjeros<\/strong> que llegan a las Baleares. La filosof\u00eda ha <strong>quedado la misma<\/strong>, exactamente como indic\u00f3 la princesa Smilja: \u201c<strong>v\u00edstete como quieras, pero con estilo\u201d.<\/strong><\/p>\n<p><a href=\"https:\/\/ibizavilla.com\/wp-content\/uploads\/2023\/03\/ibiza-villa-moda-adlib.jpg\"><img loading=\"lazy\" decoding=\"async\" class=\"alignnone size-large wp-image-102631\" src=\"https:\/\/ibizavilla.com\/wp-content\/uploads\/2023\/03\/ibiza-villa-moda-adlib-1024x677.jpg\" alt=\"ibiza villa moda adlib\" width=\"1024\" height=\"677\" title=\"\" srcset=\"https:\/\/ibizavilla.com\/wp-content\/uploads\/2023\/03\/ibiza-villa-moda-adlib-1024x677.jpg 1024w, https:\/\/ibizavilla.com\/wp-content\/uploads\/2023\/03\/ibiza-villa-moda-adlib-300x198.jpg 300w, https:\/\/ibizavilla.com\/wp-content\/uploads\/2023\/03\/ibiza-villa-moda-adlib-768x508.jpg 768w, https:\/\/ibizavilla.com\/wp-content\/uploads\/2023\/03\/ibiza-villa-moda-adlib-240x160.jpg 240w, https:\/\/ibizavilla.com\/wp-content\/uploads\/2023\/03\/ibiza-villa-moda-adlib.jpg 1123w\" sizes=\"auto, (max-width: 1024px) 100vw, 1024px\" \/><\/a><\/p>\n<h2 class=\"western\"><span lang=\"es-ES\"><b>Dise\u00f1adores y Colecciones <\/b><\/span><\/h2>\n<p><strong>Entre los dise\u00f1adores y estilistas<\/strong> que colaboran con Adlib encontramos las empresas y <strong>figuras m\u00e1s interesantes<\/strong> de la isla, de la <strong>escuela de artes de Eivissa<\/strong> hasta la hist\u00f3rica empresa Espardenyes Torres, especialista en la <strong>producci\u00f3n de calzados tradicionales<\/strong>.<\/p>\n<p>Tambi\u00e9n se encuentran <strong>brands y estilistas<\/strong> que est\u00e1n adquiriendo gran \u00e9xito fuera de la isla, c\u00f3mo <strong>Elisa Pomar,<\/strong> Ibiza Stones, Tony Bonet, Vintage Ibiza, <strong>Virginia Vald.<\/strong><\/p>\n<p><strong>Aqu\u00ed el listado de todas las marcas y dise\u00f1adores de Adlib Moda:<\/strong> Dolors Mir\u00f2 Senallons\u00a0 &#8211; Escola d\u2019Art d\u2019Eivissa &#8211; <strong>Espardenyes<\/strong> Torres &#8211; Estrivancus &#8211; Etikology &#8211; <strong>Ibimoda<\/strong> &#8211; Ivanna Mestres &#8211; K de Kose Kose &#8211; Monika Maxim Ibiza &#8211; Piluca Bayarri &#8211; <strong>S72 Hat<\/strong><\/p>\n","protected":false},"excerpt":{"rendered":"<p>Adlib Moda Ibiza Adlib Moda incluye en una \u00fanica marca lo mejor de la artesan\u00eda de la isla, donde se reencuentran los colores, los estilos y las tendencias de la isla en cada prende de vestir presentada por el Brand. Mas que una marca de moda Adlib es un verdadero estilo de vida. Se puede &#8230;<\/p>\n","protected":false},"author":9,"featured_media":102627,"comment_status":"closed","ping_status":"open","sticky":false,"template":"","format":"standard","meta":{"_acf_changed":false,"_joinchat":[],"footnotes":""},"categories":[978,980],"tags":[],"class_list":["post-102645","post","type-post","status-publish","format-standard","has-post-thumbnail","hentry","category-curiosity-es","category-ibiza-es"],"acf":[],"_links":{"self":[{"href":"https:\/\/ibizavilla.com\/es\/wp-json\/wp\/v2\/posts\/102645","targetHints":{"allow":["GET"]}}],"collection":[{"href":"https:\/\/ibizavilla.com\/es\/wp-json\/wp\/v2\/posts"}],"about":[{"href":"https:\/\/ibizavilla.com\/es\/wp-json\/wp\/v2\/types\/post"}],"author":[{"embeddable":true,"href":"https:\/\/ibizavilla.com\/es\/wp-json\/wp\/v2\/users\/9"}],"replies":[{"embeddable":true,"href":"https:\/\/ibizavilla.com\/es\/wp-json\/wp\/v2\/comments?post=102645"}],"version-history":[{"count":0,"href":"https:\/\/ibizavilla.com\/es\/wp-json\/wp\/v2\/posts\/102645\/revisions"}],"wp:featuredmedia":[{"embeddable":true,"href":"https:\/\/ibizavilla.com\/es\/wp-json\/wp\/v2\/media\/102627"}],"wp:attachment":[{"href":"https:\/\/ibizavilla.com\/es\/wp-json\/wp\/v2\/media?parent=102645"}],"wp:term":[{"taxonomy":"category","embeddable":true,"href":"https:\/\/ibizavilla.com\/es\/wp-json\/wp\/v2\/categories?post=102645"},{"taxonomy":"post_tag","embeddable":true,"href":"https:\/\/ibizavilla.com\/es\/wp-json\/wp\/v2\/tags?post=102645"}],"curies":[{"name":"wp","href":"https:\/\/api.w.org\/{rel}","templated":true}]}}