{"id":105428,"date":"2023-07-04T19:54:39","date_gmt":"2023-07-04T17:54:39","guid":{"rendered":"https:\/\/ibizavilla.com\/?p=105428"},"modified":"2023-07-04T20:30:25","modified_gmt":"2023-07-04T18:30:25","slug":"ibiza-ed-eco-sostenibilita-lisola-piu-green-al-mondo","status":"publish","type":"post","link":"https:\/\/ibizavilla.com\/es\/ibiza-ed-eco-sostenibilita-lisola-piu-green-al-mondo\/","title":{"rendered":"IBIZA Y ECO SOSTENIBILIDAD: LA ISLA MAS GREEN DEL MUNDO!"},"content":{"rendered":"<p><a href=\"https:\/\/ibizavilla.com\/wp-content\/uploads\/2023\/07\/ibiza-villa.jpg\"><img loading=\"lazy\" decoding=\"async\" class=\"alignnone wp-image-105413\" src=\"https:\/\/ibizavilla.com\/wp-content\/uploads\/2023\/07\/ibiza-villa-1024x585.jpg\" alt=\"ibiza villa eco sostenibile\" width=\"966\" height=\"552\" title=\"\" srcset=\"https:\/\/ibizavilla.com\/wp-content\/uploads\/2023\/07\/ibiza-villa-1024x585.jpg 1024w, https:\/\/ibizavilla.com\/wp-content\/uploads\/2023\/07\/ibiza-villa-300x171.jpg 300w, https:\/\/ibizavilla.com\/wp-content\/uploads\/2023\/07\/ibiza-villa-768x439.jpg 768w, https:\/\/ibizavilla.com\/wp-content\/uploads\/2023\/07\/ibiza-villa-143x83.jpg 143w, https:\/\/ibizavilla.com\/wp-content\/uploads\/2023\/07\/ibiza-villa.jpg 1750w\" sizes=\"auto, (max-width: 966px) 100vw, 966px\" \/><\/a><\/p>\n<p><strong>La isla de Ibiza<\/strong> representa sin duda un gran <strong>ejemplo de eco sostenibilidad<\/strong>. Desde ya decenas de a\u00f1os los habitantes, <strong>las empresas locales<\/strong> y figuras destacadas de la isla est\u00e1n <strong>llevando a cabo un \u201cplano Green\u201d<\/strong>,<\/p>\n<p>\u00fatil para preservar los <strong>recursos naturales<\/strong> del territorio y garantizar una optima calidad de <strong>vida a los habitantes<\/strong>.<\/p>\n<p><strong>Al mismo tiempo<\/strong>, para alcanzar estos dos objetivos establecidos, se ha decidido que<strong> la isla no debe necesariamente renunciar<\/strong> al turismo.<\/p>\n<p>Para estas razones las <strong>instituciones publicas y empresas<\/strong> en el territorio en com\u00fan acuerdo han decidido <strong>colaborar en diferentes iniciativas<\/strong> sobre la movilidad sostenible,<\/p>\n<p>eco-sostenibilidad y <strong>actividades green<\/strong> che puedan proporcionar soluciones a las <strong>nuevos retos medioambientales<\/strong> y sociales aparecidos en los <strong>\u00faltimos a\u00f1os<\/strong>.<\/p>\n<p>A seguir vamos a analizar la combinaci\u00f3n entre la <strong>isla de Ibiza y la eco-sostenibilidad<\/strong>, y adem\u00e1s te vamos a indicar todas las <strong>iniciativas<\/strong> y actividades \u201cgreen\u201d en <strong>curso en la isla<\/strong>.<\/p>\n<p><strong>Ibiza y eco-sostenibilidad: las actividades green<\/strong><br \/>\nEn vinculo entre <strong>Ibiza y eco sostenibilidad<\/strong> empieza de uno de los sectores comerciales <strong>mas importantes de la isla: el Turismo<\/strong>.<\/p>\n<p>Las instituciones, entidades, <strong>pol\u00edticos y ciudadanos de Ibiza<\/strong> quieren absolutamente preservar las riquezas <strong>naturales del territorio<\/strong>, la flora, la fauna y <strong>todo lo relacionado<\/strong> con la naturaleza y ambiente.<\/p>\n<p>Renunciar al turismo (<strong>la isla atrae algo como mas de 3 millones de visitantes<\/strong> por cada temporada tur\u00edstica) habr\u00eda causado fuertes p\u00e9rdidas<strong> econ\u00f3micas a la isla<\/strong> y puesto en riesgo la estabilidad financiera de sus habitantes.<\/p>\n<p>Entonces, <strong>de esta evaluaci\u00f3n<\/strong> han nacido varios proyectos <strong>relacionados con el turismo<\/strong>.<\/p>\n<p><strong><a href=\"https:\/\/ibizavilla.com\/wp-content\/uploads\/2023\/07\/bici-elettrica.jpg\"><img loading=\"lazy\" decoding=\"async\" class=\"alignnone size-full wp-image-105414\" src=\"https:\/\/ibizavilla.com\/wp-content\/uploads\/2023\/07\/bici-elettrica.jpg\" alt=\"bici elettrica ibiza\" width=\"970\" height=\"600\" title=\"\" srcset=\"https:\/\/ibizavilla.com\/wp-content\/uploads\/2023\/07\/bici-elettrica.jpg 970w, https:\/\/ibizavilla.com\/wp-content\/uploads\/2023\/07\/bici-elettrica-300x186.jpg 300w, https:\/\/ibizavilla.com\/wp-content\/uploads\/2023\/07\/bici-elettrica-768x475.jpg 768w\" sizes=\"auto, (max-width: 970px) 100vw, 970px\" \/><\/a><\/strong><\/p>\n<p><strong>Hotel y Alojamientos Green en Ibiza<\/strong><br \/>\nTodo empieza del alojamiento, <strong>una elecci\u00f3n que puede tener un importante<\/strong> impacto medioambiental y la<strong> naturaleza de la isla<\/strong>.<\/p>\n<p>Por esta raz\u00f3n todos los hoteles de <strong>Ibiza est\u00e1n adoptando<\/strong> medidas innovadoras para salvaguardarlos, c\u00f3mo por ejemplo <strong>actuar practicas<\/strong> de ahorro energ\u00e9tico, <strong>instalar paneles solares<\/strong>, utilizar sistemas de iluminaci\u00f3n con alta <strong>eficiencia energ\u00e9tica<\/strong>,<\/p>\n<p>y poco a poco dirigirse hac\u00eda formas de <strong>energ\u00eda exclusivamente renovables<\/strong> y ecosostenibles.<\/p>\n<p>Para esta raz\u00f3n, <strong>destacamos la empresa <span style=\"color: #3366ff;\"><a style=\"color: #3366ff;\" href=\"https:\/\/greenpwr.eu\/es\/\" target=\"_blank\" rel=\"noopener noreferrer\">Green Power<\/a><\/span><\/strong> con sede en San Rafael, nacida espec\u00edficamente para <strong>ofrecer sistemas de energ\u00eda alternativas<\/strong> y renovables a las empresas y a los <strong>ciudadanos de la isla<\/strong>.<\/p>\n<p><strong>La movilidad Green en Ibiza<\/strong><br \/>\nSin embargo, en relaci\u00f3n con la movilidad, <strong>la isla de Ibiza<\/strong> ha elegido apostar a los veh\u00edculos que reflejan mas la <strong>eco sostenibilidad<\/strong>.<\/p>\n<p>Estamos hablando de las e-bike, <strong>bicicletas el\u00e9ctricas<\/strong> equipadas con pedaleo asistido que est\u00e1n accionados con <strong>energ\u00eda green<\/strong>.<\/p>\n<p>Perfectas para descubrir los <strong>lugares mas secretos y escondidos<\/strong> de la isla, pero tambi\u00e9n para explorar y <strong>disfrutar de los recurridos<\/strong> y carreteras rodeadas <strong>de la naturaleza<\/strong>.<\/p>\n<p>El servicio de <strong>alquiler de e-bik<\/strong>e est\u00e1 disponible en varias zonas de la isla, hay <strong>muchas empresas<\/strong> locales que est\u00e1n invirtiendo en esta <strong>tipolog\u00eda de actividad<\/strong>.<\/p>\n<p><a href=\"https:\/\/ibizavilla.com\/wp-content\/uploads\/2023\/07\/instalaciones-electricas-ibiza-1.jpeg\"><img loading=\"lazy\" decoding=\"async\" class=\"alignnone size-full wp-image-105419\" src=\"https:\/\/ibizavilla.com\/wp-content\/uploads\/2023\/07\/instalaciones-electricas-ibiza-1.jpeg\" alt=\"ecosostenibile ibiza villa\" width=\"940\" height=\"529\" title=\"\" srcset=\"https:\/\/ibizavilla.com\/wp-content\/uploads\/2023\/07\/instalaciones-electricas-ibiza-1.jpeg 940w, https:\/\/ibizavilla.com\/wp-content\/uploads\/2023\/07\/instalaciones-electricas-ibiza-1-300x169.jpeg 300w, https:\/\/ibizavilla.com\/wp-content\/uploads\/2023\/07\/instalaciones-electricas-ibiza-1-768x432.jpeg 768w, https:\/\/ibizavilla.com\/wp-content\/uploads\/2023\/07\/instalaciones-electricas-ibiza-1-805x453.jpeg 805w\" sizes=\"auto, (max-width: 940px) 100vw, 940px\" \/><\/a><\/p>\n<p><strong>\u00bfEst\u00e1s buscando una villa ecosostenible en Ibiza<\/strong> para alquilar para tus vacaciones? Contacta con <span style=\"color: #3366ff;\"><strong><a style=\"color: #3366ff;\" href=\"https:\/\/ibizavilla.com\/es\">Ibiza Villa<\/a><\/strong><\/span>, tenemos <strong>muchas villas de lujo<\/strong> ecol\u00f3gicas de impacto cero.<\/p>\n<p><strong>La gesti\u00f3n de los residuos y Ibiza Plastic Free<\/strong><br \/>\nEn fin, la <strong>combinaci\u00f3n entre Ibiza y eco sostenibilidad<\/strong> pasa tambi\u00e9n a trav\u00e9s el reciclaje de los residuos. <strong>Estos \u00faltimos<\/strong> se est\u00e1n volviendo siempre mas un <strong>problema en cada rinc\u00f3n<\/strong> del mundo.<\/p>\n<p>Parece que el <strong>humano es muy h\u00e1bil<\/strong> en producir residuos, pero <strong>mucho menos<\/strong> en eliminarlos o reciclarlos.<\/p>\n<p>Ibiza quiere convertirse en un <strong>punto de referencia tambi\u00e9n<\/strong> en este \u201csegmento\u201d. De hecho, las <strong>instituciones locales<\/strong> y entidades est\u00e1n llevando a cabo una pol\u00edtica de <strong>informaci\u00f3n sobre los riesgos<\/strong> y da\u00f1os relacionados con el abandono de los residuos.<\/p>\n<p>Consejos y <strong>check lis test est\u00e1n<\/strong> visibles encima de los cajones de la basura o en <strong>espec\u00edficos lugares<\/strong> p\u00fablicos en forma de carteles o avisos.<\/p>\n<p><strong>Muy interesantes son tambi\u00e9n<\/strong> los proyectos relacionados con el pl\u00e1stico. De hecho, Ibiza<strong> desde varios<\/strong> a\u00f1os est\u00e1 en primera l\u00ednea para convertirse en la <strong>primera isla plastic-free<\/strong>.<\/p>\n<p>Tambi\u00e9n han nacido <strong>nuevas empresas institucionales<\/strong> que tienen el prop\u00f3sito de ayudar y dirigir la <strong>industria hotelera<\/strong> y las empresas de otros sectores, en <strong>reducir el uso del pl\u00e1stico<\/strong>.<\/p>\n","protected":false},"excerpt":{"rendered":"<p>La isla de Ibiza representa sin duda un gran ejemplo de eco sostenibilidad. Desde ya decenas de a\u00f1os los habitantes, las empresas locales y figuras destacadas de la isla est\u00e1n llevando a cabo un \u201cplano Green\u201d, \u00fatil para preservar los recursos naturales del territorio y garantizar una optima calidad de vida a los habitantes. Al &#8230;<\/p>\n","protected":false},"author":9,"featured_media":105413,"comment_status":"open","ping_status":"open","sticky":false,"template":"","format":"standard","meta":{"_acf_changed":false,"_joinchat":[],"footnotes":""},"categories":[978,980],"tags":[],"class_list":["post-105428","post","type-post","status-publish","format-standard","has-post-thumbnail","hentry","category-curiosity-es","category-ibiza-es"],"acf":[],"_links":{"self":[{"href":"https:\/\/ibizavilla.com\/es\/wp-json\/wp\/v2\/posts\/105428","targetHints":{"allow":["GET"]}}],"collection":[{"href":"https:\/\/ibizavilla.com\/es\/wp-json\/wp\/v2\/posts"}],"about":[{"href":"https:\/\/ibizavilla.com\/es\/wp-json\/wp\/v2\/types\/post"}],"author":[{"embeddable":true,"href":"https:\/\/ibizavilla.com\/es\/wp-json\/wp\/v2\/users\/9"}],"replies":[{"embeddable":true,"href":"https:\/\/ibizavilla.com\/es\/wp-json\/wp\/v2\/comments?post=105428"}],"version-history":[{"count":0,"href":"https:\/\/ibizavilla.com\/es\/wp-json\/wp\/v2\/posts\/105428\/revisions"}],"wp:featuredmedia":[{"embeddable":true,"href":"https:\/\/ibizavilla.com\/es\/wp-json\/wp\/v2\/media\/105413"}],"wp:attachment":[{"href":"https:\/\/ibizavilla.com\/es\/wp-json\/wp\/v2\/media?parent=105428"}],"wp:term":[{"taxonomy":"category","embeddable":true,"href":"https:\/\/ibizavilla.com\/es\/wp-json\/wp\/v2\/categories?post=105428"},{"taxonomy":"post_tag","embeddable":true,"href":"https:\/\/ibizavilla.com\/es\/wp-json\/wp\/v2\/tags?post=105428"}],"curies":[{"name":"wp","href":"https:\/\/api.w.org\/{rel}","templated":true}]}}