{"id":62366,"date":"2019-05-14T20:17:14","date_gmt":"2019-05-14T18:17:14","guid":{"rendered":"https:\/\/ibizavilla.com\/?p=62366"},"modified":"2025-12-22T09:52:54","modified_gmt":"2025-12-22T08:52:54","slug":"recomendaciones-ibiza-villa-marie-helene","status":"publish","type":"post","link":"https:\/\/ibizavilla.com\/es\/recomendaciones-ibiza-villa-marie-helene\/","title":{"rendered":"Con\u00f3cenos: la Ibiza de Marie-H\u00e9l\u00e8ne"},"content":{"rendered":"<p><a href=\"https:\/\/ibizavilla.com\/wp-content\/uploads\/2019\/05\/mariehelene-open-inside.jpg\"><img loading=\"lazy\" decoding=\"async\" class=\"aligncenter size-full wp-image-62373\" src=\"https:\/\/ibizavilla.com\/wp-content\/uploads\/2019\/05\/mariehelene-open-inside.jpg\" alt=\"\" width=\"900\" height=\"607\" title=\"\" srcset=\"https:\/\/ibizavilla.com\/wp-content\/uploads\/2019\/05\/mariehelene-open-inside.jpg 900w, https:\/\/ibizavilla.com\/wp-content\/uploads\/2019\/05\/mariehelene-open-inside-300x202.jpg 300w, https:\/\/ibizavilla.com\/wp-content\/uploads\/2019\/05\/mariehelene-open-inside-768x518.jpg 768w\" sizes=\"auto, (max-width: 900px) 100vw, 900px\" \/><\/a><\/p>\n<p>El a\u00f1o pasado Ibiza Villa cumpli\u00f3 20 a\u00f1os de trayectoria en el alquiler de villas en Ibiza, el mismo tiempo que lleva afincada en la isla Marie-H\u00e9l\u00e8ne, fundadora y propietaria de nuestra agencia. Francesa e ibicenca de adopci\u00f3n, lleg\u00f3 a la isla por primera vez en 1992, quedando completamente enamorada de la isla. <!--more-->Seis a\u00f1os despu\u00e9s de aquel primer viaje cre\u00f3 Ibiza Villa, alquilando durante la primera temporada tres villas de unos amigos. En la actualidad, nuestra <strong>agencia de alquiler de villas en Ibiza<\/strong> cuenta en su cat\u00e1logo con m\u00e1s de 80 casas de lujo tanto en la costa como en el interior de la isla.<\/p>\n<h2>Marie-H\u00e9l\u00e8ne e Ibiza Villa<\/h2>\n<p><em>&#8211; \u00bfCon qu\u00e9 tres palabras definir\u00edas a Ibiza Villa?<\/em><\/p>\n<p>Servicio, confianza y experiencia.<\/p>\n<p><em>-\u00bfHas notado un cambio importante en tu sector a lo largo de todo este tiempo?<\/em><\/p>\n<p>\u00a1Y tanto! Sobre todo porque cuando empezamos en 1998 <strong>nuestra empresa fue de las primeras de la isla en utilizar Internet<\/strong> para promocionar y gestionar los alquileres de nuestras villas de lujo. Y ahora se ha convertido en una herramienta imprescindible para todo el mundo.<\/p>\n<p><em>-\u00bfCu\u00e1l es el principal reto al que el sector se enfrenta en estos momentos?<\/em><\/p>\n<p>Las empresas de alquiler de villas tenemos que competir ahora con plataformas como Airbnb, que entran en el mercado en condiciones menos exigentes que las agencias especializadas. Aunque empresas tan grandes tendr\u00e1n muy dif\u00edcil ofrecer los <strong>servicios personalizados que garantizamos en Ibiza Villa<\/strong>, por ejemplo.<\/p>\n<div id=\"attachment_62378\" style=\"width: 910px\" class=\"wp-caption aligncenter\"><a href=\"https:\/\/ibizavilla.com\/wp-content\/uploads\/2019\/05\/mariehelene-2.jpg\"><img loading=\"lazy\" decoding=\"async\" aria-describedby=\"caption-attachment-62378\" class=\"size-full wp-image-62378\" src=\"https:\/\/ibizavilla.com\/wp-content\/uploads\/2019\/05\/mariehelene-2.jpg\" alt=\"recomendaciones de Ibiza Viilla, alquiler de villas en Ibiza,\" width=\"900\" height=\"607\" title=\"\" srcset=\"https:\/\/ibizavilla.com\/wp-content\/uploads\/2019\/05\/mariehelene-2.jpg 900w, https:\/\/ibizavilla.com\/wp-content\/uploads\/2019\/05\/mariehelene-2-300x202.jpg 300w, https:\/\/ibizavilla.com\/wp-content\/uploads\/2019\/05\/mariehelene-2-768x518.jpg 768w\" sizes=\"auto, (max-width: 900px) 100vw, 900px\" \/><\/a><p id=\"caption-attachment-62378\" class=\"wp-caption-text\">Marie-H\u00e9l\u00e8ne, fundadora de Ibiza Villa.<\/p><\/div>\n<p><em>&#8211; \u00bfQu\u00e9 es lo que m\u00e1s te gusta de tu trabajo?<\/em><\/p>\n<p>Sin duda alguna, el contacto con los clientes.<\/p>\n<p><em>-\u00bfHas conocido muchos amigos gracias a tu trabajo? \u00bfHubo clientes que se convirtieron en amigos?<\/em><\/p>\n<p>S\u00ed, de hecho sigo estando muy cerca de varias de mis primeras clientes propietarias, sobre todo en temporada baja, cuando nos juntamos para disfrutar de una buena comida o practicar gimnasia en casa de alguna. Tambi\u00e9n me pasa con algunos clientes inquilinos que me invitan a cenar cuando se alojan en una casa que tengo: \u00a1y es realmente divertido estar invitada en tu propia casa!<\/p>\n<p><a href=\"https:\/\/ibizavilla.com\/wp-content\/uploads\/2019\/05\/villa-BB-10.jpg\"><img loading=\"lazy\" decoding=\"async\" class=\"aligncenter wp-image-62073\" src=\"https:\/\/ibizavilla.com\/wp-content\/uploads\/2019\/05\/villa-BB-10.jpg\" alt=\"\" width=\"900\" height=\"599\" title=\"\" srcset=\"https:\/\/ibizavilla.com\/wp-content\/uploads\/2019\/05\/villa-BB-10.jpg 1024w, https:\/\/ibizavilla.com\/wp-content\/uploads\/2019\/05\/villa-BB-10-300x200.jpg 300w, https:\/\/ibizavilla.com\/wp-content\/uploads\/2019\/05\/villa-BB-10-768x511.jpg 768w, https:\/\/ibizavilla.com\/wp-content\/uploads\/2019\/05\/villa-BB-10-240x160.jpg 240w\" sizes=\"auto, (max-width: 900px) 100vw, 900px\" \/><\/a><\/p>\n<h2>De villas, clientes y otras historias<\/h2>\n<p><em>-En tu experiencia, \u00bfqu\u00e9 es lo que satisface m\u00e1s a tus clientes?<\/em><\/p>\n<p>Los servicios que ofrecemos, las <strong>r\u00e1pidas soluciones<\/strong> que les damos cuando surgen imprevistos y los consejos que aportamos en cuando a actividades, playas, clubs, restaurantes\u2026<\/p>\n<p><em>-\u00bfY lo que m\u00e1s valoran de una villa?<\/em><\/p>\n<p>Sobre todo que la villa sea igual o mejor que como aparecen en las fotos de nuestra web.<\/p>\n<p><em>-La mayor\u00eda de viajeros que alquila villas de lujo en Ibiza, \u00bftiene un perfil de cliente repetidor o cada a\u00f1o busca descubrir un nuevo destino?<\/em><\/p>\n<p>La mayor\u00eda de <strong>nuestros clientes son repetidores<\/strong>, un hecho muy positivo que nos hace seguir adelante en esta \u00e9poca donde hay tanta competencia. Y todo gracias al cuidado servicio que ofrecemos.<\/p>\n<div id=\"attachment_37368\" style=\"width: 910px\" class=\"wp-caption aligncenter\"><a href=\"https:\/\/ibizavilla.com\/wp-content\/uploads\/2018\/11\/can_basso-22.jpg\"><img loading=\"lazy\" decoding=\"async\" aria-describedby=\"caption-attachment-37368\" class=\"wp-image-37368\" src=\"https:\/\/ibizavilla.com\/wp-content\/uploads\/2018\/11\/can_basso-22.jpg\" alt=\"recomendaciones de ibiza villa empresa de alquiler casas de lujo\" width=\"900\" height=\"599\" title=\"\" srcset=\"https:\/\/ibizavilla.com\/wp-content\/uploads\/2018\/11\/can_basso-22.jpg 1024w, https:\/\/ibizavilla.com\/wp-content\/uploads\/2018\/11\/can_basso-22-300x200.jpg 300w, https:\/\/ibizavilla.com\/wp-content\/uploads\/2018\/11\/can_basso-22-768x512.jpg 768w, https:\/\/ibizavilla.com\/wp-content\/uploads\/2018\/11\/can_basso-22-240x160.jpg 240w\" sizes=\"auto, (max-width: 900px) 100vw, 900px\" \/><\/a><p id=\"caption-attachment-37368\" class=\"wp-caption-text\">Can Basso es una de las villas favoritas de Marie-H\u00e9l\u00e8ne. \u00a9 Ibiza Villa<\/p><\/div>\n<p><em>-\u00bfCu\u00e1l es la mayor dificultad de vuestro trabajo?<\/em><\/p>\n<p>Gestionar muchos clientes a la vez y satisfacer sus necesidades. A veces los propietarios de las villas se olvidan de alg\u00fan detalle o surgen imprevistos y nosotras estamos ah\u00ed para reaccionar lo m\u00e1s r\u00e1pidamente posible para que el cliente siga disfrutando de sus vacaciones en las mejores condiciones.<\/p>\n<p><em>&#8211; De todas las villas del cat\u00e1logo de Ibiza Villa, \u00bfcu\u00e1l es tu favorita?<\/em><\/p>\n<p>Depende del criterio en el que nos basemos. Si es por arquitectura, dir\u00eda que <a href=\"https:\/\/ibizavilla.com\/es\/alquiler\/\">Can Basso<\/a>, una <strong>vivienda t\u00edpica ibicenca<\/strong> con un toque de modernidad. Una casa con mucha alma\u2026 Pero por ubicaci\u00f3n y vistas al mar, dir\u00eda que Can Puig de Mar o Ses Roques.<\/p>\n<p><em>&#8211; \u00bfY la que m\u00e1s \u00e9xito tiene entre vuestros clientes?<\/em><\/p>\n<p>Can Puig de Mar por su <strong>buena relaci\u00f3n calidad\/precio<\/strong>. De hecho, desde 2004 tenemos un cliente que cada verano alquila todo el mes de agosto.<\/p>\n<div id=\"attachment_40645\" style=\"width: 1090px\" class=\"wp-caption aligncenter\"><a href=\"https:\/\/ibizavilla.com\/wp-content\/uploads\/2018\/12\/PEARL-04.jpg\"><img loading=\"lazy\" decoding=\"async\" aria-describedby=\"caption-attachment-40645\" class=\"size-full wp-image-40645\" src=\"https:\/\/ibizavilla.com\/wp-content\/uploads\/2018\/12\/PEARL-04.jpg\" alt=\"recomendaciones de ibiza villa empresa de alquiler casas de lujo\" width=\"1080\" height=\"720\" title=\"\"><\/a><p id=\"caption-attachment-40645\" class=\"wp-caption-text\">The Pearl es una de las villas favoritas entre las celebridades. \u00a9 Ibiza Villa<\/p><\/div>\n<p><em>-\u00bfY la m\u00e1s codiciada por las celebrities?<\/em><\/p>\n<p><a href=\"https:\/\/ibizavilla.com\/properties\/the-pearl\/\">The Pearl<\/a>, que tiene una ubicaci\u00f3n exclusiva en Es Cubells en primera l\u00ednea de mar.<\/p>\n<p><em>-\u00bfHay alguna an\u00e9cdota divertida del trabajo que a\u00fan record\u00e9is?<\/em><\/p>\n<p>Una vez nos alquilaron una villa para una semana, y al cabo de unos d\u00edas el guardi\u00e1n de la finca nos llam\u00f3 para informarnos de que, \u00a1se estaba rodando una pel\u00edcula porno en la casa!<\/p>\n<h2>Marie-H\u00e9l\u00e8ne e Ibiza<\/h2>\n<p><em>&#8211; Ibiza, \u00bfte gusta m\u00e1s en invierno o en verano?<\/em><\/p>\n<p>En invierno porque la isla est\u00e1 m\u00e1s tranquila.<\/p>\n<p><em>&#8211; En invierno te gusta\u2026<\/em><\/p>\n<p>Dar un paseo con mi perro hasta la playa y disfrutar de la tranquilidad de la isla.<\/p>\n<p><em>&#8211; Y en verano\u2026<\/em><\/p>\n<p>Disfrutar de mi casa, leer en la sombra y cuidar de mi huerto y mis gallinas.<\/p>\n<div id=\"attachment_62384\" style=\"width: 910px\" class=\"wp-caption aligncenter\"><a href=\"https:\/\/ibizavilla.com\/wp-content\/uploads\/2019\/05\/mariehelene-calamoli.jpg\"><img loading=\"lazy\" decoding=\"async\" aria-describedby=\"caption-attachment-62384\" class=\"size-full wp-image-62384\" src=\"https:\/\/ibizavilla.com\/wp-content\/uploads\/2019\/05\/mariehelene-calamoli.jpg\" alt=\"cala moli\" width=\"900\" height=\"597\" title=\"\" srcset=\"https:\/\/ibizavilla.com\/wp-content\/uploads\/2019\/05\/mariehelene-calamoli.jpg 900w, https:\/\/ibizavilla.com\/wp-content\/uploads\/2019\/05\/mariehelene-calamoli-300x199.jpg 300w, https:\/\/ibizavilla.com\/wp-content\/uploads\/2019\/05\/mariehelene-calamoli-768x509.jpg 768w, https:\/\/ibizavilla.com\/wp-content\/uploads\/2019\/05\/mariehelene-calamoli-240x160.jpg 240w\" sizes=\"auto, (max-width: 900px) 100vw, 900px\" \/><\/a><p id=\"caption-attachment-62384\" class=\"wp-caption-text\">Cala Moli, la playa favorita de Marie-H\u00e9l\u00e8ne, fundadora de Ibiza Villa. \u00a9santjosep.net<\/p><\/div>\n<p><em>&#8211; \u00bfCu\u00e1l es tu rinc\u00f3n favorito de Ibiza?<\/em><\/p>\n<p>La primera vez que llegu\u00e9 a Ibiza fue en barco, y fue entonces cuando descubr\u00ed <strong>Cala Mol\u00ed<\/strong>; \u00a1fue un verdadero flechazo! Y 25 a\u00f1os despu\u00e9s, sigue siendo un lugar donde me encuentro bien y en paz.<\/p>\n<p><em>&#8211; \u00bfY tu playa?<\/em><\/p>\n<p>\u00a1Pues Cala Mol\u00ed! Eso si excluimos las playas de Formentera, que tambi\u00e9n me encantan,<\/p>\n<p><em>&#8211; Durante todos estos a\u00f1os, nunca has dejado de\u2026<\/em><\/p>\n<p>Acercarme a Es Vedr\u00e1 en barco. \u00a1Es un sitio muy especial para mi!<\/p>\n<p><em>&#8211; \u00bfD\u00f3nde te gusta celebrar una comida con amigos?<\/em><\/p>\n<p>Me encanta ir a Ses Eufabies, en Cala Tarida, un encantador restaurante de playa que no ha cambiado mucho durante todo este tiempo. Tambi\u00e9n s\u2019Espartar, donde se come muy bien: es un lugar ideal para compartir una paella rica entre amigos.<\/p>\n<div id=\"attachment_62389\" style=\"width: 910px\" class=\"wp-caption aligncenter\"><a href=\"https:\/\/ibizavilla.com\/wp-content\/uploads\/2019\/05\/marie-helene-vedra-adobe.jpg\"><img loading=\"lazy\" decoding=\"async\" aria-describedby=\"caption-attachment-62389\" class=\"size-full wp-image-62389\" src=\"https:\/\/ibizavilla.com\/wp-content\/uploads\/2019\/05\/marie-helene-vedra-adobe.jpg\" alt=\"es vedra recomendaciones ibiza villa\" width=\"900\" height=\"607\" title=\"\" srcset=\"https:\/\/ibizavilla.com\/wp-content\/uploads\/2019\/05\/marie-helene-vedra-adobe.jpg 900w, https:\/\/ibizavilla.com\/wp-content\/uploads\/2019\/05\/marie-helene-vedra-adobe-300x202.jpg 300w, https:\/\/ibizavilla.com\/wp-content\/uploads\/2019\/05\/marie-helene-vedra-adobe-768x518.jpg 768w\" sizes=\"auto, (max-width: 900px) 100vw, 900px\" \/><\/a><p id=\"caption-attachment-62389\" class=\"wp-caption-text\">Es Vedr\u00e0 es uno de los rincones favoritos de Marie-H\u00e9l\u00e8ne. \u00a9 Tono Balaguer\/Adobe Stock<\/p><\/div>\n<p><em>&#8211; \u00bfCu\u00e1les son las 5 visitas imprescindibles que recomiendas a tus clientes?<\/em><\/p>\n<ol>\n<li><strong>Pasear por Dalt Vila<\/strong> y descubrir su preciosa arquitectura hist\u00f3rica.<\/li>\n<li>Ir un d\u00eda a Formentera, una isla \u00fanica con unas playas paradis\u00edacas. Lo ideal es alquilar un barco para toda la jornada.<\/li>\n<li>Comer un bullit de peix en El Bigotes.<\/li>\n<li>Mirar una puesta de sol en Cap Negret.<\/li>\n<li>Y para el quinto\u2026 \u00a1que nos contacten y les daremos m\u00e1s buenos planes!<\/li>\n<\/ol>\n<p><em>-\u00bfCu\u00e1l es tu plato ibicenco favorito?<\/em><\/p>\n<p>Bullit de peix con arroz a banda.<\/p>\n<p><em>-Y si tuvieras que alquilar una villa en Ibiza, \u00bfpreferir\u00edas villa con vistas al mar o casa tradicional en un valle silencioso?<\/em><\/p>\n<p>\u00a1Una <strong>villa con vistas al mar<\/strong>, seguro! Es lo que me atrajo de Ibiza la primera vez que vine.<\/p>\n<div id=\"attachment_61867\" style=\"width: 815px\" class=\"wp-caption aligncenter\"><a href=\"https:\/\/ibizavilla.com\/wp-content\/uploads\/2019\/04\/can_puig_de_mar_open.jpg\"><img loading=\"lazy\" decoding=\"async\" aria-describedby=\"caption-attachment-61867\" class=\"size-full wp-image-61867\" src=\"https:\/\/ibizavilla.com\/wp-content\/uploads\/2019\/04\/can_puig_de_mar_open.jpg\" alt=\"villas de lujo en Ibiza para 12 personas\" width=\"805\" height=\"455\" title=\"\" srcset=\"https:\/\/ibizavilla.com\/wp-content\/uploads\/2019\/04\/can_puig_de_mar_open.jpg 805w, https:\/\/ibizavilla.com\/wp-content\/uploads\/2019\/04\/can_puig_de_mar_open-300x170.jpg 300w, https:\/\/ibizavilla.com\/wp-content\/uploads\/2019\/04\/can_puig_de_mar_open-768x434.jpg 768w\" sizes=\"auto, (max-width: 805px) 100vw, 805px\" \/><\/a><p id=\"caption-attachment-61867\" class=\"wp-caption-text\">Can Puig de Mar es una de nuestras villas de lujo con vistas al Mediterr\u00e1neo. \u00a9 Ibiza Villa<\/p><\/div>\n","protected":false},"excerpt":{"rendered":"<p>El a\u00f1o pasado Ibiza Villa cumpli\u00f3 20 a\u00f1os de trayectoria en el alquiler de villas en Ibiza, el mismo tiempo que lleva afincada en la isla Marie-H\u00e9l\u00e8ne, fundadora y propietaria de nuestra agencia. Francesa e ibicenca de adopci\u00f3n, lleg\u00f3 a la isla por primera vez en 1992, quedando completamente enamorada de la isla.<\/p>\n","protected":false},"author":9,"featured_media":62368,"comment_status":"closed","ping_status":"closed","sticky":false,"template":"","format":"standard","meta":{"_acf_changed":false,"_joinchat":[],"footnotes":""},"categories":[52],"tags":[995],"class_list":["post-62366","post","type-post","status-publish","format-standard","has-post-thumbnail","hentry","category-servicios","tag-ibiza-villa-en-es"],"acf":[],"_links":{"self":[{"href":"https:\/\/ibizavilla.com\/es\/wp-json\/wp\/v2\/posts\/62366","targetHints":{"allow":["GET"]}}],"collection":[{"href":"https:\/\/ibizavilla.com\/es\/wp-json\/wp\/v2\/posts"}],"about":[{"href":"https:\/\/ibizavilla.com\/es\/wp-json\/wp\/v2\/types\/post"}],"author":[{"embeddable":true,"href":"https:\/\/ibizavilla.com\/es\/wp-json\/wp\/v2\/users\/9"}],"replies":[{"embeddable":true,"href":"https:\/\/ibizavilla.com\/es\/wp-json\/wp\/v2\/comments?post=62366"}],"version-history":[{"count":3,"href":"https:\/\/ibizavilla.com\/es\/wp-json\/wp\/v2\/posts\/62366\/revisions"}],"predecessor-version":[{"id":118363,"href":"https:\/\/ibizavilla.com\/es\/wp-json\/wp\/v2\/posts\/62366\/revisions\/118363"}],"wp:featuredmedia":[{"embeddable":true,"href":"https:\/\/ibizavilla.com\/es\/wp-json\/wp\/v2\/media\/62368"}],"wp:attachment":[{"href":"https:\/\/ibizavilla.com\/es\/wp-json\/wp\/v2\/media?parent=62366"}],"wp:term":[{"taxonomy":"category","embeddable":true,"href":"https:\/\/ibizavilla.com\/es\/wp-json\/wp\/v2\/categories?post=62366"},{"taxonomy":"post_tag","embeddable":true,"href":"https:\/\/ibizavilla.com\/es\/wp-json\/wp\/v2\/tags?post=62366"}],"curies":[{"name":"wp","href":"https:\/\/api.w.org\/{rel}","templated":true}]}}