{"id":71574,"date":"2020-02-22T22:12:22","date_gmt":"2020-02-22T20:12:22","guid":{"rendered":"https:\/\/ibizavilla.com\/?p=71574"},"modified":"2020-02-23T10:29:26","modified_gmt":"2020-02-23T08:29:26","slug":"los-mercadillos-de-ibiza","status":"publish","type":"post","link":"https:\/\/ibizavilla.com\/es\/los-mercadillos-de-ibiza\/","title":{"rendered":"Los Mercadillos de Ibiza"},"content":{"rendered":"<p><a href=\"https:\/\/ibizavilla.com\/wp-content\/uploads\/2020\/02\/ibiza-villa-blog.jpeg\"><img loading=\"lazy\" decoding=\"async\" class=\"size-large wp-image-71551\" src=\"https:\/\/ibizavilla.com\/wp-content\/uploads\/2020\/02\/ibiza-villa-blog-1024x683.jpeg\" alt=\"ibiza villa blog\" width=\"1024\" height=\"683\" title=\"\" srcset=\"https:\/\/ibizavilla.com\/wp-content\/uploads\/2020\/02\/ibiza-villa-blog-1024x683.jpeg 1024w, https:\/\/ibizavilla.com\/wp-content\/uploads\/2020\/02\/ibiza-villa-blog-300x200.jpeg 300w, https:\/\/ibizavilla.com\/wp-content\/uploads\/2020\/02\/ibiza-villa-blog-768x512.jpeg 768w, https:\/\/ibizavilla.com\/wp-content\/uploads\/2020\/02\/ibiza-villa-blog-240x160.jpeg 240w, https:\/\/ibizavilla.com\/wp-content\/uploads\/2020\/02\/ibiza-villa-blog.jpeg 1535w\" sizes=\"auto, (max-width: 1024px) 100vw, 1024px\" \/><\/a><\/p>\n<h1 style=\"text-align: center;\">Los Mercadillos de Ibiza<\/h1>\n<p><strong>Los mercadillos de Ibiza<\/strong> son algo que han acompa\u00f1ado desde siempre a la <strong>historia de esta isla<\/strong>. Mercadillos <strong>hippies,<\/strong> callejeros, de <strong>alimentos<\/strong>, de segunda mano, \u2026<\/p>\n<p>todos est\u00e1n presentes en la <strong>historia del lugar<\/strong>.<\/p>\n<p>No olvidemos nunca que <strong>Ibiza tiene<\/strong> unas ra\u00edces art\u00edsticas que se remontan d\u00e9cadas atr\u00e1s. <strong>Artesanos,<\/strong> pintores, <strong>dise\u00f1adores<\/strong>, \u2026<\/p>\n<p>se instalaron en la isla a <strong>principios de los a\u00f1os 60<\/strong> para dar rienda suelta a su creatividad.<\/p>\n<p><strong>Los mercadillos<\/strong> son reflejo de su obra y es all\u00ed donde se <strong>pueden adquirir<\/strong> todo tipo de art\u00edculos hechos a mano (<strong>ropa,<\/strong> bisuter\u00eda, <strong>cer\u00e1mica<\/strong>, \u2026).<\/p>\n<p>Aunque la gran <strong>mayor\u00eda se desarrollan<\/strong> durante el verano tambi\u00e9n <strong>podemos encontrar<\/strong> algunos que siguen durante la <strong>temporada de invierno<\/strong>.<\/p>\n<ul>\n<li><strong>Mercadillo nocturno de <span style=\"color: #3366ff;\"><a style=\"color: #3366ff;\" href=\"https:\/\/lasdalias.es\/en\/index\" target=\"_blank\" rel=\"noopener noreferrer\">Las Dalias<\/a><\/span><\/strong><\/li>\n<\/ul>\n<p><strong>Lunes y martes<\/strong>. Ropa y bisuter\u00eda artesanal. De j<strong>unio a septiembre de 19:00 a 1:00h<\/strong> de la madrugada. (en julio y agosto tambi\u00e9n los domingos).<\/p>\n<p>En los alrededores del Restaurante y <strong>Caf\u00e9 las Dalias<\/strong> cerca del pueblo de <strong>San Carlos<\/strong>.<\/p>\n<ul>\n<li><strong>Mercado hippy de Punta Arab\u00ed<\/strong><\/li>\n<\/ul>\n<p><strong>Mi\u00e9rcoles.<\/strong> \u00a1El m\u00e1s grande! Lleno de art\u00edculos <strong>hechos a mano de todo el mundo<\/strong>. <strong>Abril, mayo y octubre de 10 a 18<\/strong> horas y en junio, julio y septiembre de 10 a 19 horas.<\/p>\n<p>En agosto de 10 a 20 horas. Dispone de zona para ni\u00f1os. <strong>En Es Can\u00e1<\/strong> en los terrenos del Club Cala Martina.<\/p>\n<h3>\u00bfQuieres reservar una de nuestras maravillosas villas junto al mar? <span style=\"color: #3366ff;\"><a style=\"color: #3366ff;\" href=\"https:\/\/ibizavilla.com\/es\/contacto\/\">Cont\u00e1ctanos<\/a><\/span>, estamos aqu\u00ed para ti &#8230;<\/h3>\n<p><a href=\"https:\/\/ibizavilla.com\/wp-content\/uploads\/2020\/02\/ibiza-markets-ibiza-villa.jpeg\"><img loading=\"lazy\" decoding=\"async\" class=\"size-large wp-image-71555\" src=\"https:\/\/ibizavilla.com\/wp-content\/uploads\/2020\/02\/ibiza-markets-ibiza-villa-1024x579.jpeg\" alt=\"ibiza markets ibiza villa\" width=\"1024\" height=\"579\" title=\"\" srcset=\"https:\/\/ibizavilla.com\/wp-content\/uploads\/2020\/02\/ibiza-markets-ibiza-villa-1024x579.jpeg 1024w, https:\/\/ibizavilla.com\/wp-content\/uploads\/2020\/02\/ibiza-markets-ibiza-villa-300x170.jpeg 300w, https:\/\/ibizavilla.com\/wp-content\/uploads\/2020\/02\/ibiza-markets-ibiza-villa-768x434.jpeg 768w, https:\/\/ibizavilla.com\/wp-content\/uploads\/2020\/02\/ibiza-markets-ibiza-villa.jpeg 1812w\" sizes=\"auto, (max-width: 1024px) 100vw, 1024px\" \/><\/a><\/p>\n<ul>\n<li><strong>Mercado de Cala Llonga<\/strong><\/li>\n<\/ul>\n<p><strong>Jueves<\/strong>. Accesorios de moda y bisuter\u00eda de plata con <strong>piedras preciosas<\/strong>. De mayo a octubre de 18 horas a medianoche. <strong>En Cala Llonga.<\/strong><\/p>\n<ul>\n<li><strong>Mercado Artesanal di San Rafael<\/strong><\/li>\n<\/ul>\n<p><strong>Jueves.<\/strong> Cer\u00e1mica de <strong>dise\u00f1os tradicionales y contempor\u00e1neos<\/strong>. Nombrada zona de inter\u00e9s de artesan\u00eda. <strong>De junio a septiembre de 19:30 a 23:00h<\/strong>. En el pueblo de <strong>San Rafael<\/strong>.<\/p>\n<ul>\n<li><strong>Mercadillo de San Jordi<\/strong><\/li>\n<\/ul>\n<p><strong>S\u00e1bados<\/strong>. Es un mercadillo de segunda mano. <strong>Muy cosmopolita e importante.<\/strong> Todos los <strong>s\u00e1bados de 8 a 15<\/strong> horas. En <strong>Sant Jordi<\/strong>, al sur de la isla.<\/p>\n<ul>\n<li><strong>Mercadillo hippy de Las Dalias<\/strong><\/li>\n<\/ul>\n<p><strong>S\u00e1bados<\/strong>. Gran oferta de<strong> moda y bisuter\u00eda<\/strong>. Punto de encuentro. <strong>De abril a octubre de 10 a 20 horas,<\/strong> de <strong>noviembre a marzo de 10 a 18 horas<\/strong>.<\/p>\n<p>En verano<strong> lunes y martes por la noche<\/strong> y en julio y agosto <strong>tambi\u00e9n los domingos<\/strong>. En los alrededores del Restaurante y <strong>Caf\u00e9 las Dalias<\/strong>, cerca del pueblo de <strong>San Carlos<\/strong>.<\/p>\n<p><a href=\"https:\/\/ibizavilla.com\/wp-content\/uploads\/2020\/02\/ibiza-villa-ibiza-markets.jpeg\"><img loading=\"lazy\" decoding=\"async\" class=\"size-large wp-image-71559\" src=\"https:\/\/ibizavilla.com\/wp-content\/uploads\/2020\/02\/ibiza-villa-ibiza-markets-1024x731.jpeg\" alt=\"ibiza villa ibiza markets\" width=\"1024\" height=\"731\" title=\"\" srcset=\"https:\/\/ibizavilla.com\/wp-content\/uploads\/2020\/02\/ibiza-villa-ibiza-markets-1024x731.jpeg 1024w, https:\/\/ibizavilla.com\/wp-content\/uploads\/2020\/02\/ibiza-villa-ibiza-markets-300x214.jpeg 300w, https:\/\/ibizavilla.com\/wp-content\/uploads\/2020\/02\/ibiza-villa-ibiza-markets-768x548.jpeg 768w, https:\/\/ibizavilla.com\/wp-content\/uploads\/2020\/02\/ibiza-villa-ibiza-markets.jpeg 1435w\" sizes=\"auto, (max-width: 1024px) 100vw, 1024px\" \/><\/a><\/p>\n<ul>\n<li><strong>Mercado de Forada<\/strong><\/li>\n<\/ul>\n<p><strong>S\u00e1bados<\/strong>. Productos locales. Todos los s\u00e1bados de <strong>10 a 16 horas<\/strong>. En el aparcamiento de <strong>Can Tixedo Art Caf\u00e9<\/strong> cerca de San Rafael.<\/p>\n<ul>\n<li><strong>Mercadillo de Artesan\u00eda y Comida ecol\u00f3gica de San Jos\u00e9<\/strong><\/li>\n<\/ul>\n<p><strong>S\u00e1bados.<\/strong> Pretende promover las <strong>tradiciones de Ibiza<\/strong>. Desde mediados de<strong> junio hasta finales de octubre de 9:30 a 13:30<\/strong> horas. En el pueblo de <strong>San Jos\u00e9.<\/strong><\/p>\n<ul>\n<li><strong>Mercadillo dominical de San Juan<\/strong><\/li>\n<\/ul>\n<p><strong>Domingos<\/strong>. Alimentos de la zona. Domingos de 1<strong>0 a 16 horas<\/strong>. En el pueblo de <strong>San Juan<\/strong>.<\/p>\n<h3>\u00bfEst\u00e1s buscando una villa de lujo en Ibiza? <span style=\"color: #3366ff;\"><a style=\"color: #3366ff;\" href=\"https:\/\/ibizavilla.com\/es\/\">Ibiza Villa<\/a><\/span> ofrece maravillosas villas en alquiler con las mejores comodidades, \u00a1ll\u00e1manos!<\/h3>\n","protected":false},"excerpt":{"rendered":"<p>Los Mercadillos de Ibiza Los mercadillos de Ibiza son algo que han acompa\u00f1ado desde siempre a la historia de esta isla. Mercadillos hippies, callejeros, de alimentos, de segunda mano, \u2026 todos est\u00e1n presentes en la historia del lugar. No olvidemos nunca que Ibiza tiene unas ra\u00edces art\u00edsticas que se remontan d\u00e9cadas atr\u00e1s. Artesanos, pintores, dise\u00f1adores, &#8230;<\/p>\n","protected":false},"author":9,"featured_media":71554,"comment_status":"open","ping_status":"open","sticky":false,"template":"","format":"standard","meta":{"_acf_changed":false,"_joinchat":[],"footnotes":""},"categories":[978,52],"tags":[],"class_list":["post-71574","post","type-post","status-publish","format-standard","has-post-thumbnail","hentry","category-curiosity-es","category-servicios"],"acf":[],"_links":{"self":[{"href":"https:\/\/ibizavilla.com\/es\/wp-json\/wp\/v2\/posts\/71574","targetHints":{"allow":["GET"]}}],"collection":[{"href":"https:\/\/ibizavilla.com\/es\/wp-json\/wp\/v2\/posts"}],"about":[{"href":"https:\/\/ibizavilla.com\/es\/wp-json\/wp\/v2\/types\/post"}],"author":[{"embeddable":true,"href":"https:\/\/ibizavilla.com\/es\/wp-json\/wp\/v2\/users\/9"}],"replies":[{"embeddable":true,"href":"https:\/\/ibizavilla.com\/es\/wp-json\/wp\/v2\/comments?post=71574"}],"version-history":[{"count":0,"href":"https:\/\/ibizavilla.com\/es\/wp-json\/wp\/v2\/posts\/71574\/revisions"}],"wp:featuredmedia":[{"embeddable":true,"href":"https:\/\/ibizavilla.com\/es\/wp-json\/wp\/v2\/media\/71554"}],"wp:attachment":[{"href":"https:\/\/ibizavilla.com\/es\/wp-json\/wp\/v2\/media?parent=71574"}],"wp:term":[{"taxonomy":"category","embeddable":true,"href":"https:\/\/ibizavilla.com\/es\/wp-json\/wp\/v2\/categories?post=71574"},{"taxonomy":"post_tag","embeddable":true,"href":"https:\/\/ibizavilla.com\/es\/wp-json\/wp\/v2\/tags?post=71574"}],"curies":[{"name":"wp","href":"https:\/\/api.w.org\/{rel}","templated":true}]}}