{"id":72077,"date":"2020-02-29T18:30:48","date_gmt":"2020-02-29T16:30:48","guid":{"rendered":"https:\/\/ibizavilla.com\/?p=72077"},"modified":"2020-02-29T18:49:35","modified_gmt":"2020-02-29T16:49:35","slug":"illa-des-vedra","status":"publish","type":"post","link":"https:\/\/ibizavilla.com\/es\/illa-des-vedra\/","title":{"rendered":"Illa d&#8217;Es Vedra"},"content":{"rendered":"<p><a href=\"https:\/\/ibizavilla.com\/wp-content\/uploads\/2020\/02\/ibiza-villa-es-vedr\u00e0-island.jpg\"><img loading=\"lazy\" decoding=\"async\" class=\"size-large wp-image-72026\" src=\"https:\/\/ibizavilla.com\/wp-content\/uploads\/2020\/02\/ibiza-villa-es-vedr\u00e0-island-1024x680.jpg\" alt=\"ibiza villa es vedr\u00e0 island\" width=\"1024\" height=\"680\" title=\"\" srcset=\"https:\/\/ibizavilla.com\/wp-content\/uploads\/2020\/02\/ibiza-villa-es-vedr\u00e0-island-1024x680.jpg 1024w, https:\/\/ibizavilla.com\/wp-content\/uploads\/2020\/02\/ibiza-villa-es-vedr\u00e0-island-300x199.jpg 300w, https:\/\/ibizavilla.com\/wp-content\/uploads\/2020\/02\/ibiza-villa-es-vedr\u00e0-island-768x510.jpg 768w, https:\/\/ibizavilla.com\/wp-content\/uploads\/2020\/02\/ibiza-villa-es-vedr\u00e0-island-240x160.jpg 240w, https:\/\/ibizavilla.com\/wp-content\/uploads\/2020\/02\/ibiza-villa-es-vedr\u00e0-island.jpg 1280w\" sizes=\"auto, (max-width: 1024px) 100vw, 1024px\" \/><\/a><\/p>\n<h2 style=\"text-align: center;\">La isla de Es Vedra contada por Ibiza Villa<\/h2>\n<p><strong>Uno de los lugares favoritos del turismo es el islote de Es Vedr\u00e0<\/strong>, situado al sudoeste de Ibiza, en frente de Cala d\u2019hort en el municipio de<strong> Sant Josep de Sa Talaia<\/strong>.<\/p>\n<p>Esta peque\u00f1a isla cuenta con un alto <strong>valor ecol\u00f3gico<\/strong> que ha sido reconocido como reserva natural desde el a\u00f1o 2002 formando parte del conjunto del Parc de Cala d\u2019Hort i Es Vedr\u00e0,<\/p>\n<p>compuesto por los islotes de Es Vedr\u00e0, Es Vedranell y los Es Illots de Ponent. <strong>Curiosamente es propiedad<\/strong> de una <strong>treintena de familias.<\/strong><\/p>\n<h3>Ibiza Villa ofrece una selecci\u00f3n de villas de lujo con impresionantes vistas, <span style=\"color: #3366ff;\"><a style=\"color: #3366ff;\" href=\"https:\/\/ibizavilla.com\/es\/contacto\/\">cont\u00e1ctenos<\/a><\/span> para informaci\u00f3n o reservas, estamos aqu\u00ed para usted!!<\/h3>\n<p>En los \u00faltimos a\u00f1os, <strong>muchas personas<\/strong> han atribuido a este pedazo de tierra importantes propiedades m\u00e1gicas de acumulaci\u00f3n de energ\u00eda y <strong>poderes especiales<\/strong>.<\/p>\n<p>Son muchos los que aseguran haber visto ovnis y <strong>luces misteriosas sobrevolando el islote<\/strong>. Algunos libros recogen testimonios de pescadores que aseguran haber visto algunas luces que entraban<\/p>\n<p>y <strong>sal\u00edan del agua<\/strong> y que incluso llegaban a pasar bajo sus <strong>embarcaciones.<\/strong><\/p>\n<p><a href=\"https:\/\/ibizavilla.com\/wp-content\/uploads\/2020\/02\/es-vedr\u00e0-island-ibiza-villa.jpg\"><img loading=\"lazy\" decoding=\"async\" class=\"size-large wp-image-72030\" src=\"https:\/\/ibizavilla.com\/wp-content\/uploads\/2020\/02\/es-vedr\u00e0-island-ibiza-villa-1024x626.jpg\" alt=\"es vedr\u00e0 island ibiza villa\" width=\"1024\" height=\"626\" title=\"\" srcset=\"https:\/\/ibizavilla.com\/wp-content\/uploads\/2020\/02\/es-vedr\u00e0-island-ibiza-villa-1024x626.jpg 1024w, https:\/\/ibizavilla.com\/wp-content\/uploads\/2020\/02\/es-vedr\u00e0-island-ibiza-villa-300x183.jpg 300w, https:\/\/ibizavilla.com\/wp-content\/uploads\/2020\/02\/es-vedr\u00e0-island-ibiza-villa-768x469.jpg 768w, https:\/\/ibizavilla.com\/wp-content\/uploads\/2020\/02\/es-vedr\u00e0-island-ibiza-villa.jpg 1280w\" sizes=\"auto, (max-width: 1024px) 100vw, 1024px\" \/><\/a><\/p>\n<p>Incluso se ha llegado a hablar del <strong>\u201cTri\u00e1ngulo de las Bermudas\u201d<\/strong> mediterr\u00e1neo, en este caso acompa\u00f1ado por la costa suroeste de Mallorca y el Pe\u00f1\u00f3n de Ifach en Alicante.<\/p>\n<p>De hecho, fue en <strong>esta zona<\/strong> donde en <strong>1979<\/strong> ocurri\u00f3 el \u201cCaso Manises\u201d cuando un avi\u00f3n comercial supuestamente <strong>perseguido<\/strong> por un ovni tuvo que realizar un <strong>aterrizaje forzoso<\/strong>.<\/p>\n<p>Los aut\u00f3ctonos no dudan del<strong> poderoso atractivo del lugar<\/strong>, pero comentan con humor que el resto posiblemente solo sea debido a los \u201cviajes\u201d alucin\u00f3genos de los hippies.<\/p>\n<p>En cualquier caso, lo que es indiscutible es su <strong>alto valor ecol\u00f3gico<\/strong> gracias a su gran variedad de especies end\u00e9micas, <strong>especies \u00fanicas<\/strong> y aut\u00f3ctonas.<\/p>\n<p>Tambi\u00e9n cabe destacar que se trata de un <strong>lugar importante de reproducci\u00f3n<\/strong> tanto para aves marinas como <strong>rapaces<\/strong> y una reserva natural de <strong>fauna marina.<\/strong><\/p>\n<p>Dado que no se puede efectuar<strong> ning\u00fan tipo de construcci\u00f3n<\/strong>, ni actividad econ\u00f3mica, esta peque\u00f1a isla fue hace tiempo el hogar de una importante <strong>colonia de cabras<\/strong>, ahora desaparecidas<\/p>\n<p>y que han pasado a formar parte de la leyenda, aunque su existencia est\u00e1 m\u00e1s que constatada.<\/p>\n<h3>\u00bfQuieres alquilar un barco y vender la isla de es vedra? Llama a <span style=\"color: #3366ff;\"><a style=\"color: #3366ff;\" href=\"https:\/\/ibizavilla.com\/es\/\">Ibiza Villa<\/a><\/span> y reserva uno de nuestros servicios.<\/h3>\n<p><a href=\"https:\/\/ibizavilla.com\/wp-content\/uploads\/2020\/02\/island-es-vedr\u00e0-ibiza-villa.jpg\"><img loading=\"lazy\" decoding=\"async\" class=\"size-large wp-image-72022\" src=\"https:\/\/ibizavilla.com\/wp-content\/uploads\/2020\/02\/island-es-vedr\u00e0-ibiza-villa-1024x682.jpg\" alt=\"island es vedr\u00e0 ibiza villa\" width=\"1024\" height=\"682\" title=\"\" srcset=\"https:\/\/ibizavilla.com\/wp-content\/uploads\/2020\/02\/island-es-vedr\u00e0-ibiza-villa-1024x682.jpg 1024w, https:\/\/ibizavilla.com\/wp-content\/uploads\/2020\/02\/island-es-vedr\u00e0-ibiza-villa-300x200.jpg 300w, https:\/\/ibizavilla.com\/wp-content\/uploads\/2020\/02\/island-es-vedr\u00e0-ibiza-villa-768x512.jpg 768w, https:\/\/ibizavilla.com\/wp-content\/uploads\/2020\/02\/island-es-vedr\u00e0-ibiza-villa-240x160.jpg 240w, https:\/\/ibizavilla.com\/wp-content\/uploads\/2020\/02\/island-es-vedr\u00e0-ibiza-villa.jpg 1280w\" sizes=\"auto, (max-width: 1024px) 100vw, 1024px\" \/><\/a><\/p>\n<p>Su <strong>forma de pir\u00e1mide<\/strong> y su gran tama\u00f1o de <strong>382 metros<\/strong> por encima del mar hacen de este islote algo f\u00e1cilmente<strong> visible y reconocible<\/strong> desde muchas partes de Ibiza,<\/p>\n<p><span style=\"color: #3366ff;\"><a style=\"color: #3366ff;\" href=\"https:\/\/www.formentera.es\/\" target=\"_blank\" rel=\"noopener noreferrer\"><strong>Formentera<\/strong><\/a><\/span> y algunos d\u00edas especialmente claros, desde la propia<strong> Pen\u00ednsula Ib\u00e9rica<\/strong>. Algunos de los lugares desde donde es visible este islote son:<\/p>\n<ul>\n<li><strong>Cala d\u2019Hort<\/strong><\/li>\n<li><strong>Torre de Es Savinar<\/strong><\/li>\n<li><strong>Miradores de Es Vedr\u00e0<\/strong><\/li>\n<li><strong>Cap Llentrisca<\/strong><\/li>\n<\/ul>\n<p>Y ahora la gran pregunta: <strong>\u00bfEs posible visitar Es Vedr\u00e0?<\/strong> Desgraciadamente <strong>est\u00e1 totalmente prohibido<\/strong> y solo se conceden permisos especiales en muy determinadas circunstancias.<\/p>\n<p><strong>Desde Ibiza Villa<\/strong> recomendamos seriamente la opci\u00f3n de <strong>alquilar un barco<\/strong> y observar este peque\u00f1o islote desde el mar recorriendo sus algo m\u00e1s de <strong>cuatro kil\u00f3metros de per\u00edmetro.<\/strong><\/p>\n","protected":false},"excerpt":{"rendered":"<p>La isla de Es Vedra contada por Ibiza Villa Uno de los lugares favoritos del turismo es el islote de Es Vedr\u00e0, situado al sudoeste de Ibiza, en frente de Cala d\u2019hort en el municipio de Sant Josep de Sa Talaia. Esta peque\u00f1a isla cuenta con un alto valor ecol\u00f3gico que ha sido reconocido como &#8230;<\/p>\n","protected":false},"author":9,"featured_media":72029,"comment_status":"open","ping_status":"open","sticky":false,"template":"","format":"standard","meta":{"_acf_changed":false,"_joinchat":[],"footnotes":""},"categories":[978,980],"tags":[],"class_list":["post-72077","post","type-post","status-publish","format-standard","has-post-thumbnail","hentry","category-curiosity-es","category-ibiza-es"],"acf":[],"_links":{"self":[{"href":"https:\/\/ibizavilla.com\/es\/wp-json\/wp\/v2\/posts\/72077","targetHints":{"allow":["GET"]}}],"collection":[{"href":"https:\/\/ibizavilla.com\/es\/wp-json\/wp\/v2\/posts"}],"about":[{"href":"https:\/\/ibizavilla.com\/es\/wp-json\/wp\/v2\/types\/post"}],"author":[{"embeddable":true,"href":"https:\/\/ibizavilla.com\/es\/wp-json\/wp\/v2\/users\/9"}],"replies":[{"embeddable":true,"href":"https:\/\/ibizavilla.com\/es\/wp-json\/wp\/v2\/comments?post=72077"}],"version-history":[{"count":0,"href":"https:\/\/ibizavilla.com\/es\/wp-json\/wp\/v2\/posts\/72077\/revisions"}],"wp:featuredmedia":[{"embeddable":true,"href":"https:\/\/ibizavilla.com\/es\/wp-json\/wp\/v2\/media\/72029"}],"wp:attachment":[{"href":"https:\/\/ibizavilla.com\/es\/wp-json\/wp\/v2\/media?parent=72077"}],"wp:term":[{"taxonomy":"category","embeddable":true,"href":"https:\/\/ibizavilla.com\/es\/wp-json\/wp\/v2\/categories?post=72077"},{"taxonomy":"post_tag","embeddable":true,"href":"https:\/\/ibizavilla.com\/es\/wp-json\/wp\/v2\/tags?post=72077"}],"curies":[{"name":"wp","href":"https:\/\/api.w.org\/{rel}","templated":true}]}}