{"id":74571,"date":"2020-05-30T18:32:34","date_gmt":"2020-05-30T16:32:34","guid":{"rendered":"https:\/\/ibizavilla.com\/?p=74571"},"modified":"2020-05-30T19:00:22","modified_gmt":"2020-05-30T17:00:22","slug":"sant-carles-de-peralta-desde-ibiza-villa","status":"publish","type":"post","link":"https:\/\/ibizavilla.com\/es\/sant-carles-de-peralta-desde-ibiza-villa\/","title":{"rendered":"Sant Carles de Peralta desde Ibiza Villa"},"content":{"rendered":"<p><a href=\"https:\/\/ibizavilla.com\/wp-content\/uploads\/2020\/05\/ibiza-villa-sant-carles.jpeg\"><img loading=\"lazy\" decoding=\"async\" class=\"size-large wp-image-74545\" src=\"https:\/\/ibizavilla.com\/wp-content\/uploads\/2020\/05\/ibiza-villa-sant-carles-1024x683.jpeg\" alt=\"ibiza villa sant carles\" width=\"1024\" height=\"683\" title=\"\" srcset=\"https:\/\/ibizavilla.com\/wp-content\/uploads\/2020\/05\/ibiza-villa-sant-carles-1024x683.jpeg 1024w, https:\/\/ibizavilla.com\/wp-content\/uploads\/2020\/05\/ibiza-villa-sant-carles-300x200.jpeg 300w, https:\/\/ibizavilla.com\/wp-content\/uploads\/2020\/05\/ibiza-villa-sant-carles-768x512.jpeg 768w, https:\/\/ibizavilla.com\/wp-content\/uploads\/2020\/05\/ibiza-villa-sant-carles-240x160.jpeg 240w, https:\/\/ibizavilla.com\/wp-content\/uploads\/2020\/05\/ibiza-villa-sant-carles.jpeg 1536w\" sizes=\"auto, (max-width: 1024px) 100vw, 1024px\" \/><\/a><\/p>\n<p><strong>Sant Carles de Peralta<\/strong> es el pueblo del interior que enamor\u00f3 a <strong>muchos hippies<\/strong> a su llegada a <strong>Ibiza<\/strong>.<\/p>\n<p>Es un <strong>peque\u00f1o pueblo<\/strong> que tiene unas pocas casas alrededor de la <strong>bonita iglesia blanca<\/strong>, t\u00edpica de la arquitectura de Ibiza.<\/p>\n<p>Sant Carles de Peralta <strong>se encuentra en la zona noreste<\/strong> de la isla.<\/p>\n<p>Si vas a las playas de la <strong>zona noreste de Ibiza<\/strong> como la playa nudista de <strong>Aguas Blancas<\/strong>, Cala de San Vicente, Cala Mastella y <strong>Cala Llenya<\/strong>, Sant Carles es un lugar obligado de paso.<\/p>\n<p>En el pueblo hay varios <strong>restaurantes y bares<\/strong> cerca de la iglesia en los que se puede comer <strong>muy bien<\/strong> y muy barato.<\/p>\n<p><strong>El mercadillo hippie de <\/strong><span style=\"color: #3366ff;\"><a style=\"color: #3366ff;\" href=\"https:\/\/lasdalias.es\/\" target=\"_blank\" rel=\"noopener noreferrer\"><strong>Las Dalias<\/strong><\/a><\/span> es un bonito lugar para traer a casa unos souvenirs de los a\u00f1os \u201960 y se encuentra a tan s\u00f3lo dos kil\u00f3metros de Sant Carles.<\/p>\n<p>La peque\u00f1a y hermosa iglesia blanca es el <strong>centro del pueblo<\/strong>.<\/p>\n<p>Una <strong>etapa obligada es el Ca n\u2019Anneta (Bar Anita)<\/strong> donde probar sus hierbas ibicencas,<strong> licor tradicional<\/strong> ibicenco que se elabora siguiendo su <strong>propia receta<\/strong>.<\/p>\n<h2>\u00bfQuieres visitar el peque\u00f1o pueblo de Sant Carles en Ibiza? Organizamos su visita guiada, <span style=\"color: #3366ff;\"><a style=\"color: #3366ff;\" href=\"https:\/\/ibizavilla.com\/es\/contacto\/\">cont\u00e1ctenos<\/a><\/span> para m\u00e1s informaci\u00f3n.<\/h2>\n<p><a href=\"https:\/\/ibizavilla.com\/wp-content\/uploads\/2020\/05\/aguas-blanca-ibiza-villa.jpeg\"><img loading=\"lazy\" decoding=\"async\" class=\"size-large wp-image-74541\" src=\"https:\/\/ibizavilla.com\/wp-content\/uploads\/2020\/05\/aguas-blanca-ibiza-villa-1024x683.jpeg\" alt=\"aguas blanca ibiza villa\" width=\"1024\" height=\"683\" title=\"\" srcset=\"https:\/\/ibizavilla.com\/wp-content\/uploads\/2020\/05\/aguas-blanca-ibiza-villa-1024x683.jpeg 1024w, https:\/\/ibizavilla.com\/wp-content\/uploads\/2020\/05\/aguas-blanca-ibiza-villa-300x200.jpeg 300w, https:\/\/ibizavilla.com\/wp-content\/uploads\/2020\/05\/aguas-blanca-ibiza-villa-768x512.jpeg 768w, https:\/\/ibizavilla.com\/wp-content\/uploads\/2020\/05\/aguas-blanca-ibiza-villa-240x160.jpeg 240w, https:\/\/ibizavilla.com\/wp-content\/uploads\/2020\/05\/aguas-blanca-ibiza-villa.jpeg 1536w\" sizes=\"auto, (max-width: 1024px) 100vw, 1024px\" \/><\/a><\/p>\n<p><strong>En los a\u00f1os \u201960<\/strong>, los hippies que ocupaban este bar hicieron de Sant Carles su <strong>punto de peregrinaci\u00f3n<\/strong>.<\/p>\n<p><strong>El 4 de noviembre<\/strong> es el d\u00eda de las fiestas patronales de Sant Carles. En este d\u00eda se <strong>celebran varios actos<\/strong> como las exhibiciones de<strong> baile pay\u00e9s<\/strong>: el acto que m\u00e1s se destaca es el <strong>Grand Prix Pag\u00e8s.<\/strong><\/p>\n<p>En estas fiestas los lugare\u00f1os <strong>forman equipos<\/strong> que se disfrazan para participar a una <strong>competici\u00f3n,<\/strong> en la que los <strong>m\u00e1s remolones<\/strong> se castigan con <strong>vino pay\u00e9s<\/strong> o hierbas ibicencas.<\/p>\n<p>Este festival atrae a <strong>cientos de personas.<\/strong><\/p>\n<p><strong>A pocos kil\u00f3metros<\/strong> de Sant Carles, se encuentran <strong>centros tur\u00edsticos<\/strong> importantes cerca del mar y de la playas como <strong>Es Canar y Cala Llenya<\/strong>, donde los turistas pueden alojarse.<\/p>\n<p>De hecho, en Sant Carles <strong>hay lugares de alojamiento<\/strong> destacables.<\/p>\n<p><a href=\"https:\/\/ibizavilla.com\/wp-content\/uploads\/2020\/05\/sant-carles-ibiza-villa.jpeg\"><img loading=\"lazy\" decoding=\"async\" class=\"size-large wp-image-74549\" src=\"https:\/\/ibizavilla.com\/wp-content\/uploads\/2020\/05\/sant-carles-ibiza-villa-1024x683.jpeg\" alt=\"sant carles ibiza villa\" width=\"1024\" height=\"683\" title=\"\" srcset=\"https:\/\/ibizavilla.com\/wp-content\/uploads\/2020\/05\/sant-carles-ibiza-villa-1024x683.jpeg 1024w, https:\/\/ibizavilla.com\/wp-content\/uploads\/2020\/05\/sant-carles-ibiza-villa-300x200.jpeg 300w, https:\/\/ibizavilla.com\/wp-content\/uploads\/2020\/05\/sant-carles-ibiza-villa-768x512.jpeg 768w, https:\/\/ibizavilla.com\/wp-content\/uploads\/2020\/05\/sant-carles-ibiza-villa-240x160.jpeg 240w, https:\/\/ibizavilla.com\/wp-content\/uploads\/2020\/05\/sant-carles-ibiza-villa.jpeg 1536w\" sizes=\"auto, (max-width: 1024px) 100vw, 1024px\" \/><\/a><\/p>\n<p>Entre los lugares que se <strong>pueden visitar hay el Museo Trull<\/strong> de Ca n\u2019Andreu, ejemplo de vivienda rural <strong>tradicional de Ibiza<\/strong> que conserva una almazara del <strong>siglo XVIII<\/strong> y la Font de Peralta,<\/p>\n<p>una <strong>fuente de piedra<\/strong> del siglo XVII. Sant Carles conserva,<strong> actualmente, la torre d\u2019en Valls<\/strong>, una torre de defensa, levantada en el siglo XVIII en las <strong>proximidades de la calita<\/strong> de Pou des Lle\u00f3.<\/p>\n<p>Desde aqu\u00ed <strong>se puede observar<\/strong> una excelente panor\u00e1mica sobre la<strong> isla de Tagomago<\/strong>, cuyo territorio est\u00e1 declarado<strong> Zona de Especial Protecci\u00f3n<\/strong> para las Aves.<\/p>\n<h3><\/h3>\n<h3>\u00bfEst\u00e1s buscando una villa de lujo cerca de Sant Carles en Ibiza? P\u00f3ngase en contacto con <span style=\"color: #3366ff;\"><a style=\"color: #3366ff;\" href=\"https:\/\/ibizavilla.com\/es\/\">Ibiza Villa<\/a><\/span> para reservar las vacaciones de sus sue\u00f1os &#8230;<\/h3>\n","protected":false},"excerpt":{"rendered":"<p>Sant Carles de Peralta es el pueblo del interior que enamor\u00f3 a muchos hippies a su llegada a Ibiza. Es un peque\u00f1o pueblo que tiene unas pocas casas alrededor de la bonita iglesia blanca, t\u00edpica de la arquitectura de Ibiza. Sant Carles de Peralta se encuentra en la zona noreste de la isla. Si vas &#8230;<\/p>\n","protected":false},"author":9,"featured_media":74548,"comment_status":"closed","ping_status":"open","sticky":false,"template":"","format":"standard","meta":{"_acf_changed":false,"_joinchat":[],"footnotes":""},"categories":[980],"tags":[995],"class_list":["post-74571","post","type-post","status-publish","format-standard","has-post-thumbnail","hentry","category-ibiza-es","tag-ibiza-villa-en-es"],"acf":[],"_links":{"self":[{"href":"https:\/\/ibizavilla.com\/es\/wp-json\/wp\/v2\/posts\/74571","targetHints":{"allow":["GET"]}}],"collection":[{"href":"https:\/\/ibizavilla.com\/es\/wp-json\/wp\/v2\/posts"}],"about":[{"href":"https:\/\/ibizavilla.com\/es\/wp-json\/wp\/v2\/types\/post"}],"author":[{"embeddable":true,"href":"https:\/\/ibizavilla.com\/es\/wp-json\/wp\/v2\/users\/9"}],"replies":[{"embeddable":true,"href":"https:\/\/ibizavilla.com\/es\/wp-json\/wp\/v2\/comments?post=74571"}],"version-history":[{"count":0,"href":"https:\/\/ibizavilla.com\/es\/wp-json\/wp\/v2\/posts\/74571\/revisions"}],"wp:featuredmedia":[{"embeddable":true,"href":"https:\/\/ibizavilla.com\/es\/wp-json\/wp\/v2\/media\/74548"}],"wp:attachment":[{"href":"https:\/\/ibizavilla.com\/es\/wp-json\/wp\/v2\/media?parent=74571"}],"wp:term":[{"taxonomy":"category","embeddable":true,"href":"https:\/\/ibizavilla.com\/es\/wp-json\/wp\/v2\/categories?post=74571"},{"taxonomy":"post_tag","embeddable":true,"href":"https:\/\/ibizavilla.com\/es\/wp-json\/wp\/v2\/tags?post=74571"}],"curies":[{"name":"wp","href":"https:\/\/api.w.org\/{rel}","templated":true}]}}