{"id":102647,"date":"2023-03-31T21:09:55","date_gmt":"2023-03-31T19:09:55","guid":{"rendered":"https:\/\/ibizavilla.com\/?p=102647"},"modified":"2023-04-01T10:58:59","modified_gmt":"2023-04-01T08:58:59","slug":"adlib-moda-histoire-createur-collection-2023","status":"publish","type":"post","link":"https:\/\/ibizavilla.com\/fr\/adlib-moda-histoire-createur-collection-2023\/","title":{"rendered":"Adlib Moda : Histoire, Cr\u00e9ateur, Collection 2023"},"content":{"rendered":"<p><a href=\"https:\/\/ibizavilla.com\/wp-content\/uploads\/2023\/03\/moda-adlib-ibiza-villa.jpg\"><img loading=\"lazy\" decoding=\"async\" class=\"alignnone size-full wp-image-102626\" src=\"https:\/\/ibizavilla.com\/wp-content\/uploads\/2023\/03\/moda-adlib-ibiza-villa.jpg\" alt=\"moda adlib ibiza villa\" width=\"1000\" height=\"666\" title=\"\" srcset=\"https:\/\/ibizavilla.com\/wp-content\/uploads\/2023\/03\/moda-adlib-ibiza-villa.jpg 1000w, https:\/\/ibizavilla.com\/wp-content\/uploads\/2023\/03\/moda-adlib-ibiza-villa-300x200.jpg 300w, https:\/\/ibizavilla.com\/wp-content\/uploads\/2023\/03\/moda-adlib-ibiza-villa-768x511.jpg 768w, https:\/\/ibizavilla.com\/wp-content\/uploads\/2023\/03\/moda-adlib-ibiza-villa-240x160.jpg 240w\" sizes=\"auto, (max-width: 1000px) 100vw, 1000px\" \/><\/a><\/p>\n<h1>Adlib Fashion Ibiza<\/h1>\n<p><strong>Adlib Moda<\/strong> regroupe en une seule marque le <strong>meilleur de l&rsquo;artisanat de l&rsquo;\u00eele<\/strong>, o\u00f9 les couleurs, les styles et les tendances de l&rsquo;\u00eele se <strong>retrouvent dans<\/strong> chaque v\u00eatement pr\u00e9sent\u00e9 par la marque. Plus qu&rsquo;une marque de mode, <strong>Adlib est un v\u00e9ritable art de vivre<\/strong>.<\/p>\n<p>On le comprend simplement <strong>en analysant le mot<\/strong> qui identifie cette marque, apocope de l&rsquo;expression latine <strong>\u00abAd Libitum\u00bb<\/strong>.<\/p>\n<p>La m\u00eame expression <strong>peut \u00eatre traduite par \u00ab\u00a0libert\u00e9\u00a0\u00bb<\/strong>, un concept qui, dans ce cas, pour <strong>Adlib Ibiza signifie<\/strong> \u00ab\u00a0habillez-vous comme vous le souhaitez.\u201d <strong>C&rsquo;est alors une mani\u00e8re<\/strong> diff\u00e9rente d&rsquo;appr\u00e9hender la mode, une pens\u00e9e, un courant qui a su <strong>faire son chemin<\/strong> \u00e0 travers le <strong>monde<\/strong>.<\/p>\n<p>Aujourd&rsquo;hui <strong>Adlib Moda est une \u00e9tiquette<\/strong> qui repr\u00e9sente au mieux l&rsquo;\u00eele d&rsquo;Ibiza dans le monde. <strong>Parmi les principales<\/strong> caract\u00e9ristiques on retrouve la haute qualit\u00e9 des <strong>mat\u00e9riaux utilis\u00e9s<\/strong> pour cr\u00e9er chaque v\u00eatement, chacun fabriqu\u00e9 \u00e0 la main sur l&rsquo;\u00eele, avec des <strong>m\u00e9thodes<\/strong> <strong>traditionnelles.<\/strong><\/p>\n<p>Les caract\u00e9ristiques <strong>distinctives de l&rsquo;\u00e9tiquette<\/strong>, c&rsquo;est-\u00e0-dire les valeurs qui, au fil du temps, ont su <strong>rendre la marque<\/strong> bien reconnaissable et aim\u00e9e du<strong> public, sont deux<\/strong> : la libert\u00e9 et le style.<\/p>\n<p><strong>Ci-ssous nous vous<\/strong> indiquerons les marques qui font partie d&rsquo;Adlib Moda, <strong>les cr\u00e9ateurs,<\/strong> les collections et enfin les \u00e9v\u00e9nements organis\u00e9s <strong>chaque ann\u00e9e sur l&rsquo;\u00eele<\/strong>.<\/p>\n<p><strong>Vous souhaitez visiter Ibiza<\/strong> et s\u00e9journer dans une villa de luxe proche de la mer ? <span style=\"color: #3366ff;\"><strong><a style=\"color: #3366ff;\" href=\"https:\/\/ibizavilla.com\/fr\/\">Ibiza Villa<\/a><\/strong><\/span> peut vous proposer de belles <strong>villas<\/strong> \u00e0 quelques minutes des <strong>plages les plus c\u00e9l\u00e8bres<\/strong> de l&rsquo;\u00eele. CONTACTEZ-NOUS !!<\/p>\n<p><a href=\"https:\/\/ibizavilla.com\/wp-content\/uploads\/2023\/03\/ibiza-villa-adlib-moda.jpg\"><img loading=\"lazy\" decoding=\"async\" class=\"alignnone size-large wp-image-102636\" src=\"https:\/\/ibizavilla.com\/wp-content\/uploads\/2023\/03\/ibiza-villa-adlib-moda-1024x554.jpg\" alt=\"ibiza villa adlib moda\" width=\"1024\" height=\"554\" title=\"\" srcset=\"https:\/\/ibizavilla.com\/wp-content\/uploads\/2023\/03\/ibiza-villa-adlib-moda-1024x554.jpg 1024w, https:\/\/ibizavilla.com\/wp-content\/uploads\/2023\/03\/ibiza-villa-adlib-moda-300x162.jpg 300w, https:\/\/ibizavilla.com\/wp-content\/uploads\/2023\/03\/ibiza-villa-adlib-moda-768x416.jpg 768w, https:\/\/ibizavilla.com\/wp-content\/uploads\/2023\/03\/ibiza-villa-adlib-moda.jpg 1386w\" sizes=\"auto, (max-width: 1024px) 100vw, 1024px\" \/><\/a><\/p>\n<h2>Adlib Fashion: l&rsquo;histoire<\/h2>\n<p><strong>L&rsquo;histoire d&rsquo;Adlib Moda<\/strong> recoupe l&rsquo;histoire la plus r\u00e9cente de l&rsquo;\u00eele, des ann\u00e9es 1970 \u00e0 nos jours. Tout a commenc\u00e9 avec<strong> l&rsquo;arriv\u00e9e sur l&rsquo;\u00eele<\/strong> du mouvement <span style=\"color: #3366ff;\"><strong><a style=\"color: #3366ff;\" href=\"https:\/\/fr.wikipedia.org\/wiki\/Hippie\" target=\"_blank\" rel=\"noopener noreferrer\">Hippie<\/a><\/strong><\/span> et avec la naissance de la <strong>Fashion Week d&rsquo;Ibiza<\/strong> (la premi\u00e8re \u00e9dition remonte \u00e0 1971).<\/p>\n<p>Ce fut le premier et v\u00e9ritable \u00e9v\u00e9nement<strong> organis\u00e9 sur l&rsquo;\u00eele<\/strong>, qui attira touristes et visiteurs du <strong>monde entier.<\/strong> Les mati\u00e8res faites \u00e0 la main, leur douceur et leur <strong>qualit\u00e9 ont fait<\/strong> le reste.<\/p>\n<p>Cette vague <strong>d&rsquo;opportunit\u00e9s et de multiculturalisme<\/strong> qui existait sur l&rsquo;\u00eele s&rsquo;est transform\u00e9e en quelque chose de concret,<strong> c&rsquo;est-\u00e0-dire<\/strong> Adlib Fashion. La nouvelle marque n\u00e9e sur l<strong>&lsquo;\u00eele d&rsquo;Ibiza a commenc\u00e9<\/strong> \u00e0 inspirer des milliers de jeunes, designers et stylistes, <strong>tous unis<\/strong> par le m\u00eame principe :<strong> la libert\u00e9.<\/strong><\/p>\n<p><strong>Un r\u00f4le cl\u00e9 dans<\/strong> la naissance et la croissance de la marque a \u00e9t\u00e9 jou\u00e9 par la <strong>princesse yougoslave Smilja Mihailovitch<\/strong>, v\u00e9ritable ambassadrice dans le monde de ce nouveau style. <strong>Gr\u00e2ce \u00e0 elle<\/strong>, les premiers artisans de l&rsquo;\u00eele ont obtenu les autorisations n\u00e9cessaires pour <strong>organiser la premi\u00e8re semaine<\/strong> historique de la mode Adlib.<\/p>\n<p>La princesse est d\u00e9c\u00e9d\u00e9e le <strong>2 novembre 1994<\/strong> \u00e0 son domicile d&rsquo;Ibiza. Aujourd&rsquo;hui, apr\u00e8s 48 ans d&rsquo;activit\u00e9,<strong> la marque Adlib Ibiza<\/strong> continue de surprendre et d&rsquo;inspirer <strong>des milliers de touristes<\/strong> et d&rsquo;\u00e9trangers qui viennent aux \u00eeles Bal\u00e9ares.<\/p>\n<p><strong>La philosophie<\/strong> est rest\u00e9e la m\u00eame, exactement comme l&rsquo;indiquait la<strong> princesse Smilja<\/strong>: \u00ab habillez-vous comme vous le souhaitez, mais avec style \u00bb.<\/p>\n<p><a href=\"https:\/\/ibizavilla.com\/wp-content\/uploads\/2023\/03\/ibiza-villa-moda-adlib.jpg\"><img loading=\"lazy\" decoding=\"async\" class=\"alignnone size-large wp-image-102631\" src=\"https:\/\/ibizavilla.com\/wp-content\/uploads\/2023\/03\/ibiza-villa-moda-adlib-1024x677.jpg\" alt=\"ibiza villa moda adlib\" width=\"1024\" height=\"677\" title=\"\" srcset=\"https:\/\/ibizavilla.com\/wp-content\/uploads\/2023\/03\/ibiza-villa-moda-adlib-1024x677.jpg 1024w, https:\/\/ibizavilla.com\/wp-content\/uploads\/2023\/03\/ibiza-villa-moda-adlib-300x198.jpg 300w, https:\/\/ibizavilla.com\/wp-content\/uploads\/2023\/03\/ibiza-villa-moda-adlib-768x508.jpg 768w, https:\/\/ibizavilla.com\/wp-content\/uploads\/2023\/03\/ibiza-villa-moda-adlib-240x160.jpg 240w, https:\/\/ibizavilla.com\/wp-content\/uploads\/2023\/03\/ibiza-villa-moda-adlib.jpg 1123w\" sizes=\"auto, (max-width: 1024px) 100vw, 1024px\" \/><\/a><\/p>\n<h2 class=\"western\">Cr\u00e9ateurs et Collections<\/h2>\n<p><strong>Parmi les designers<\/strong> et stylistes qui collaborent avec Adlib, nous trouvons les entreprises et <strong>les personnalit\u00e9s<\/strong> les plus pertinentes de l&rsquo;\u00eele, de l&rsquo;\u00e9cole des <strong>arts d&rsquo;Eivissa<\/strong> \u00e0 l&rsquo;entreprise historique Espardenyes Torres, sp\u00e9cialis\u00e9e dans la<strong> production de chaussures<\/strong> traditionnelles.<\/p>\n<p>Il existe \u00e9galement <strong>des marques et des stylistes<\/strong> qui connaissent un grand succ\u00e8s en dehors de l&rsquo;\u00eele, comme <strong>Elisa Pomar<\/strong>, Ibiza Stones, Tony Bonet, <strong>Vintage Ibiza<\/strong>, Virginia Vald.<\/p>\n<p><strong>Voici la liste de toutes les marques et cr\u00e9ateurs d&rsquo;Adlib Moda<\/strong>: Dolors Mir\u00f2 Senallons\u00a0 &#8211; Escola d\u2019Art d\u2019Eivissa &#8211; <strong>Espardenyes Torres<\/strong> &#8211; Estrivancus &#8211; Etikology &#8211; Ibimoda &#8211; <strong>Ivanna Mestres<\/strong> &#8211; K de Kose Kose &#8211; Monika Maxim Ibiza &#8211; <strong>Piluca Bayarri<\/strong> &#8211; S72 Hat<\/p>\n","protected":false},"excerpt":{"rendered":"<p>Adlib Fashion Ibiza Adlib Moda regroupe en une seule marque le meilleur de l&rsquo;artisanat de l&rsquo;\u00eele, o\u00f9 les couleurs, les styles et les tendances de l&rsquo;\u00eele se retrouvent dans chaque v\u00eatement pr\u00e9sent\u00e9 par la marque. Plus qu&rsquo;une marque de mode, Adlib est un v\u00e9ritable art de vivre. On le comprend simplement en analysant le mot &#8230;<\/p>\n","protected":false},"author":9,"featured_media":102624,"comment_status":"closed","ping_status":"open","sticky":false,"template":"","format":"standard","meta":{"_acf_changed":false,"_joinchat":[],"footnotes":""},"categories":[987,989],"tags":[],"class_list":["post-102647","post","type-post","status-publish","format-standard","has-post-thumbnail","hentry","category-curiosity-fr","category-ibiza-fr"],"acf":[],"_links":{"self":[{"href":"https:\/\/ibizavilla.com\/fr\/wp-json\/wp\/v2\/posts\/102647","targetHints":{"allow":["GET"]}}],"collection":[{"href":"https:\/\/ibizavilla.com\/fr\/wp-json\/wp\/v2\/posts"}],"about":[{"href":"https:\/\/ibizavilla.com\/fr\/wp-json\/wp\/v2\/types\/post"}],"author":[{"embeddable":true,"href":"https:\/\/ibizavilla.com\/fr\/wp-json\/wp\/v2\/users\/9"}],"replies":[{"embeddable":true,"href":"https:\/\/ibizavilla.com\/fr\/wp-json\/wp\/v2\/comments?post=102647"}],"version-history":[{"count":0,"href":"https:\/\/ibizavilla.com\/fr\/wp-json\/wp\/v2\/posts\/102647\/revisions"}],"wp:featuredmedia":[{"embeddable":true,"href":"https:\/\/ibizavilla.com\/fr\/wp-json\/wp\/v2\/media\/102624"}],"wp:attachment":[{"href":"https:\/\/ibizavilla.com\/fr\/wp-json\/wp\/v2\/media?parent=102647"}],"wp:term":[{"taxonomy":"category","embeddable":true,"href":"https:\/\/ibizavilla.com\/fr\/wp-json\/wp\/v2\/categories?post=102647"},{"taxonomy":"post_tag","embeddable":true,"href":"https:\/\/ibizavilla.com\/fr\/wp-json\/wp\/v2\/tags?post=102647"}],"curies":[{"name":"wp","href":"https:\/\/api.w.org\/{rel}","templated":true}]}}