{"id":61880,"date":"2019-04-30T17:18:24","date_gmt":"2019-04-30T15:18:24","guid":{"rendered":"https:\/\/ibizavilla.com\/?p=61880"},"modified":"2019-05-01T12:48:03","modified_gmt":"2019-05-01T10:48:03","slug":"villas-luxe-ibiza-12-personnes-can-puig-mar","status":"publish","type":"post","link":"https:\/\/ibizavilla.com\/fr\/villas-luxe-ibiza-12-personnes-can-puig-mar\/","title":{"rendered":"Notre villa de luxe du mois: Can Puig de Mar"},"content":{"rendered":"<p><a href=\"https:\/\/ibizavilla.com\/wp-content\/uploads\/2018\/11\/can_puig_de_mar_05.jpg\"><img loading=\"lazy\" decoding=\"async\" class=\"alignnone wp-image-28735\" src=\"https:\/\/ibizavilla.com\/wp-content\/uploads\/2018\/11\/can_puig_de_mar_05-1024x683.jpg\" alt=\"villa de lujo en Ibiza para 12 personas con vistas al mar\" width=\"900\" height=\"600\" title=\"\" srcset=\"https:\/\/ibizavilla.com\/wp-content\/uploads\/2018\/11\/can_puig_de_mar_05-1024x683.jpg 1024w, https:\/\/ibizavilla.com\/wp-content\/uploads\/2018\/11\/can_puig_de_mar_05-300x200.jpg 300w, https:\/\/ibizavilla.com\/wp-content\/uploads\/2018\/11\/can_puig_de_mar_05-768x512.jpg 768w, https:\/\/ibizavilla.com\/wp-content\/uploads\/2018\/11\/can_puig_de_mar_05.jpg 1170w, https:\/\/ibizavilla.com\/wp-content\/uploads\/2018\/11\/can_puig_de_mar_05-240x160.jpg 240w\" sizes=\"auto, (max-width: 900px) 100vw, 900px\" \/><\/a><\/p>\n<p>La tr\u00e8s belle c\u00f4te ouest de l\u2019\u00eele cache la propri\u00e9t\u00e9 Can Puig de Mar, l\u2019une de nos plus belles villas de luxe \u00e0 Ibiza pour 12 personnes et disponible \u00e0 la location. Avec sa magnifique vue mer et sur le coucher de soleil, ce bien unique avec piscine \u00e0 d\u00e9bordement est situ\u00e9 \u00e0 seulement 5 minutes \u00e0 pied de la jolie crique de Cala Moli. Vous voulez en savoir plus? Poursuivez la lecture et v\u00e9rifiez si Can Puig de mar sera #votreprochainevillaaibiza.<!--more--><\/p>\n<h2>Can Puig de Mar: spectaculaire villa de luxe <strong>\u00e0 Ibiza pour 12 personnes<\/strong><\/h2>\n<p>Il y a des villas qui sont difficiles \u00e0 quitter. Et <a href=\"https:\/\/ibizavilla.com\/fr\/properties\/can-puig-de-mar\/\">Can Puig de Mar<\/a> est sans aucune doute l\u2019une d\u2019elles. Son exceptionnelle situation sur une colline entour\u00e9e de pins avec vue mer invite ses occupants \u00e0 d\u00e9connecter du monde et \u00e0 s\u2019impr\u00e9gner de toute l\u2019essence d\u2019Ibiza. Construite sur une parcelle de 12.000 m\u00e8tres carr\u00e9s, cette villa est <strong>id\u00e9ale pour des vacances en famille ou entre amis<\/strong> puisqu\u2019elle dispose de 5 chambres doubles et 1 suite, 12 couchages au total (avec lits simples et individuels), <strong>chaque chambre avec sa propre salle de bain privative et vue mer.<\/strong><\/p>\n<div id=\"attachment_28732\" style=\"width: 910px\" class=\"wp-caption alignnone\"><a href=\"https:\/\/ibizavilla.com\/wp-content\/uploads\/2018\/11\/can_puig_de_mar_02.jpg\"><img loading=\"lazy\" decoding=\"async\" aria-describedby=\"caption-attachment-28732\" class=\"wp-image-28732\" src=\"https:\/\/ibizavilla.com\/wp-content\/uploads\/2018\/11\/can_puig_de_mar_02.jpg\" alt=\"villa de lujo en Ibiza para 12 personas en la costa oeste con piscina y vistas al mar\" width=\"900\" height=\"611\" title=\"\" srcset=\"https:\/\/ibizavilla.com\/wp-content\/uploads\/2018\/11\/can_puig_de_mar_02.jpg 1148w, https:\/\/ibizavilla.com\/wp-content\/uploads\/2018\/11\/can_puig_de_mar_02-300x204.jpg 300w, https:\/\/ibizavilla.com\/wp-content\/uploads\/2018\/11\/can_puig_de_mar_02-768x522.jpg 768w, https:\/\/ibizavilla.com\/wp-content\/uploads\/2018\/11\/can_puig_de_mar_02-1024x696.jpg 1024w\" sizes=\"auto, (max-width: 900px) 100vw, 900px\" \/><\/a><p id=\"caption-attachment-28732\" class=\"wp-caption-text\">Can Puig de Mar est id\u00e9ale pour des vacances en famille ou entre amis. \u00a9 Ibiza Villa<\/p><\/div>\n<h2>\u00bf<strong>Qu\u2019est ce qui vous s\u00e9duira \u00e0 Can Puig de Mar?<\/strong><\/h2>\n<ul>\n<li>Sa <strong>piscine \u00e0 d\u00e9bordement <\/strong>de 17 m\u00e8tres de long.<\/li>\n<li>L\u2019intimit\u00e9 qu\u2019offre ses 12.000 m\u00e8tres carr\u00e9s de terrain priv\u00e9.<\/li>\n<li>L\u2019incroyable vue mer, sur le coucher de soleil, la crique de Cala Moli et sur l\u2019\u00eelot de s\u2019Espartar.<\/li>\n<li>Sa grande cuisine d\u2019\u00e9t\u00e9 sur la terrasse.<\/li>\n<li>Son <strong>jacuzzi<\/strong> sur le toit terrasse.<\/li>\n<\/ul>\n<div id=\"attachment_28757\" style=\"width: 1033px\" class=\"wp-caption alignnone\"><a href=\"https:\/\/ibizavilla.com\/wp-content\/uploads\/2018\/11\/can_puig_de_mar_27.jpg\"><img loading=\"lazy\" decoding=\"async\" aria-describedby=\"caption-attachment-28757\" class=\"size-full wp-image-28757\" src=\"https:\/\/ibizavilla.com\/wp-content\/uploads\/2018\/11\/can_puig_de_mar_27.jpg\" alt=\"villa de lujo en Ibiza para 12 personas en la costa oeste con piscina y vistas al mar\" width=\"1023\" height=\"681\" title=\"\" srcset=\"https:\/\/ibizavilla.com\/wp-content\/uploads\/2018\/11\/can_puig_de_mar_27.jpg 1023w, https:\/\/ibizavilla.com\/wp-content\/uploads\/2018\/11\/can_puig_de_mar_27-300x200.jpg 300w, https:\/\/ibizavilla.com\/wp-content\/uploads\/2018\/11\/can_puig_de_mar_27-768x511.jpg 768w, https:\/\/ibizavilla.com\/wp-content\/uploads\/2018\/11\/can_puig_de_mar_27-240x160.jpg 240w\" sizes=\"auto, (max-width: 1023px) 100vw, 1023px\" \/><\/a><p id=\"caption-attachment-28757\" class=\"wp-caption-text\">Can Puig de Mar \u00a9 Ibiza Villa<\/p><\/div>\n<ul>\n<li>Sa parfaite situation sur la c\u00f4te ouest d\u2019<strong>Ibiza<\/strong>, \u00e0 quelques minutes en voiture d\u2019excellents restaurants, du village de San Jos\u00e9 et des plages renomm\u00e9es de Cala Bassa, Cala Conta, Cala d\u00b4Hort et Cala Vedella, entre autres.<\/li>\n<li>Son grand porche, id\u00e9al pour se reposer ou lire un livre apr\u00e8s manger.<\/li>\n<li>Les diff\u00e9rents recoins dispers\u00e9s dans le jardin pour se d\u00e9tendre, <strong>profiter d\u2019une session de yoga<\/strong>, jouer au ping pong ou s\u2019allonger au soleil.<\/li>\n<li>La vue panoramique sur le coucher de soleil depuis le toit terrasse.<\/li>\n<\/ul>\n<div id=\"attachment_28755\" style=\"width: 910px\" class=\"wp-caption alignnone\"><a href=\"https:\/\/ibizavilla.com\/wp-content\/uploads\/2018\/11\/can_puig_de_mar_25.jpg\"><img loading=\"lazy\" decoding=\"async\" aria-describedby=\"caption-attachment-28755\" class=\"wp-image-28755\" title=\"villas de luxe \u00e0 Ibiza pour 12 personnes\" src=\"https:\/\/ibizavilla.com\/wp-content\/uploads\/2018\/11\/can_puig_de_mar_25.jpg\" alt=\"villas de luxe \u00e0 Ibiza pour 12 personnes,\" width=\"900\" height=\"599\" \/><\/a><p id=\"caption-attachment-28755\" class=\"wp-caption-text\">Villa de luxe \u00e0 Ibiza pour 12 personnes. \u00a9 Ibiza Villa<\/p><\/div>\n<h3>5 <strong>recommandations proches de Can Puig de Mar<\/strong><\/h3>\n<ul>\n<li>Restaurant s\u2019Espartar: un classique de l\u2019\u00eele pour savourer paellas et plats de poisson.<\/li>\n<li>Restaurant Ca\u2019s Mil\u00e0: cuisine m\u00e9diterran\u00e9enne de qualit\u00e9 face \u00e0 la mer, \u00e0 Cala Tarida.<\/li>\n<li>Cotton Beach: n\u2019importe quel moment de la journ\u00e9e est le bienvenu pour s\u2019installer en terrasse et profiter de l\u2019ambiance du restaurant et de sa vue sur Cala Tarida.<\/li>\n<li>Sant Josep de sa Talaia avec ses nombreux restaurants et bars qui s\u2019animent apr\u00e8s le coucher de soleil.<\/li>\n<li>La tranquillit\u00e9 des plages de Cala Mol\u00ed et Cala Carb\u00f3.<\/li>\n<\/ul>\n<div id=\"attachment_61862\" style=\"width: 910px\" class=\"wp-caption aligncenter\"><a href=\"https:\/\/ibizavilla.com\/wp-content\/uploads\/2019\/04\/cas-mila.jpg\"><img loading=\"lazy\" decoding=\"async\" aria-describedby=\"caption-attachment-61862\" class=\"size-full wp-image-61862\" src=\"https:\/\/ibizavilla.com\/wp-content\/uploads\/2019\/04\/cas-mila.jpg\" alt=\"\" width=\"900\" height=\"600\" title=\"\" srcset=\"https:\/\/ibizavilla.com\/wp-content\/uploads\/2019\/04\/cas-mila.jpg 900w, https:\/\/ibizavilla.com\/wp-content\/uploads\/2019\/04\/cas-mila-300x200.jpg 300w, https:\/\/ibizavilla.com\/wp-content\/uploads\/2019\/04\/cas-mila-768x512.jpg 768w, https:\/\/ibizavilla.com\/wp-content\/uploads\/2019\/04\/cas-mila-240x160.jpg 240w\" sizes=\"auto, (max-width: 900px) 100vw, 900px\" \/><\/a><p id=\"caption-attachment-61862\" class=\"wp-caption-text\">Ca&rsquo;s Mil\u00e0 (c) Ca&rsquo;s Mil\u00e0<\/p><\/div>\n<h2><strong>D\u2019autres villas de luxe \u00e0 Ibiza pour 12 personnes<\/strong><\/h2>\n<p>Vous ne trouvez pas de disponibilit\u00e9s pour vos vacances sur l\u2019\u00eele blanche? Consultez notre site web et nos disponibilit\u00e9s de villas pour 12 personnes aux dates souhait\u00e9es gr\u00e2ce \u00e0 <strong>notre syst\u00e8me de recherche<\/strong> avanc\u00e9e en filtrant avec la capacit\u00e9 souhait\u00e9e. Et si vous avez n\u2019importe quelle autre requ\u00eate sp\u00e9cifique n\u2019h\u00e9sitez pas \u00e0 nous <a href=\"https:\/\/ibizavilla.com\/fr\/contact\/\">contacter<\/a> par e-mail ou t\u00e9l\u00e9phone.<\/p>\n<p style=\"text-align: center\">**<\/p>\n","protected":false},"excerpt":{"rendered":"<p>La tr\u00e8s belle c\u00f4te ouest de l\u2019\u00eele cache la propri\u00e9t\u00e9 Can Puig de Mar, l\u2019une de nos plus belles villas de luxe \u00e0 Ibiza pour 12 personnes et disponible \u00e0 la location. Avec sa magnifique vue mer et sur le coucher de soleil, ce bien unique avec piscine \u00e0 d\u00e9bordement est situ\u00e9 \u00e0 seulement 5 &#8230;<\/p>\n","protected":false},"author":9,"featured_media":61869,"comment_status":"closed","ping_status":"closed","sticky":false,"template":"","format":"standard","meta":{"_acf_changed":false,"_joinchat":[],"footnotes":""},"categories":[377],"tags":[],"class_list":["post-61880","post","type-post","status-publish","format-standard","has-post-thumbnail","hentry","category-villas-fr"],"acf":[],"_links":{"self":[{"href":"https:\/\/ibizavilla.com\/fr\/wp-json\/wp\/v2\/posts\/61880","targetHints":{"allow":["GET"]}}],"collection":[{"href":"https:\/\/ibizavilla.com\/fr\/wp-json\/wp\/v2\/posts"}],"about":[{"href":"https:\/\/ibizavilla.com\/fr\/wp-json\/wp\/v2\/types\/post"}],"author":[{"embeddable":true,"href":"https:\/\/ibizavilla.com\/fr\/wp-json\/wp\/v2\/users\/9"}],"replies":[{"embeddable":true,"href":"https:\/\/ibizavilla.com\/fr\/wp-json\/wp\/v2\/comments?post=61880"}],"version-history":[{"count":0,"href":"https:\/\/ibizavilla.com\/fr\/wp-json\/wp\/v2\/posts\/61880\/revisions"}],"wp:featuredmedia":[{"embeddable":true,"href":"https:\/\/ibizavilla.com\/fr\/wp-json\/wp\/v2\/media\/61869"}],"wp:attachment":[{"href":"https:\/\/ibizavilla.com\/fr\/wp-json\/wp\/v2\/media?parent=61880"}],"wp:term":[{"taxonomy":"category","embeddable":true,"href":"https:\/\/ibizavilla.com\/fr\/wp-json\/wp\/v2\/categories?post=61880"},{"taxonomy":"post_tag","embeddable":true,"href":"https:\/\/ibizavilla.com\/fr\/wp-json\/wp\/v2\/tags?post=61880"}],"curies":[{"name":"wp","href":"https:\/\/api.w.org\/{rel}","templated":true}]}}