{"id":61914,"date":"2019-05-06T08:15:52","date_gmt":"2019-05-06T06:15:52","guid":{"rendered":"https:\/\/ibizavilla.com\/?p=61914"},"modified":"2025-12-22T09:41:48","modified_gmt":"2025-12-22T08:41:48","slug":"meilleures-plages-du-sud-d-ibiza","status":"publish","type":"post","link":"https:\/\/ibizavilla.com\/fr\/meilleures-plages-du-sud-d-ibiza\/","title":{"rendered":"Les meilleures plages du sud d&rsquo;Ibiza"},"content":{"rendered":"<p><a href=\"https:\/\/ibizavilla.com\/wp-content\/uploads\/2019\/05\/beaches_south_ibiza_bol-nou.jpg\"><img loading=\"lazy\" decoding=\"async\" class=\"aligncenter size-full wp-image-61890\" src=\"https:\/\/ibizavilla.com\/wp-content\/uploads\/2019\/05\/beaches_south_ibiza_bol-nou.jpg\" alt=\"playas del sur de Ibiza cercanas a tu villa de lujo\" width=\"900\" height=\"601\" title=\"\" srcset=\"https:\/\/ibizavilla.com\/wp-content\/uploads\/2019\/05\/beaches_south_ibiza_bol-nou.jpg 900w, https:\/\/ibizavilla.com\/wp-content\/uploads\/2019\/05\/beaches_south_ibiza_bol-nou-300x200.jpg 300w, https:\/\/ibizavilla.com\/wp-content\/uploads\/2019\/05\/beaches_south_ibiza_bol-nou-768x513.jpg 768w, https:\/\/ibizavilla.com\/wp-content\/uploads\/2019\/05\/beaches_south_ibiza_bol-nou-240x160.jpg 240w\" sizes=\"auto, (max-width: 900px) 100vw, 900px\" \/><\/a><\/p>\n<p>Si vous \u00eates log\u00e9s dans l\u2019une de nos villas situ\u00e9es dans les environs de Sant Josep de sa Talaia vous serez probablement int\u00e9ress\u00e9s de conna\u00eetre \u00e0 notre s\u00e9lection des plus belles plages du sud d\u2019Ibiza. Et si vous souhaitez en savoir plus sur les plages environnantes, n\u2019h\u00e9sitez pas \u00e0 revenir sur notre pr\u00e9c\u00e9dent article d\u00e9di\u00e9 aux plus belles plages et criques de l\u2019ouest de l\u2019\u00eele.<\/p>\n<p><!--more--><\/p>\n<h2>5 plages du sud d&rsquo;Ibiza<\/h2>\n<h3>Ses Salines<\/h3>\n<p>C\u2019est <strong>l\u2019une des plages les plus renomm\u00e9es d\u2019Ibiza<\/strong> gr\u00e2ce \u00e0 ses eaux transparentes, les pins qui la bordent, son ambiance cosmopolite et les chiringuitos sophistiqu\u00e9s que attirent des c\u00e9l\u00e9brit\u00e9s du football, du cin\u00e9ma et de la musique. Incontournable!<\/p>\n<h3>Es Cavallet<\/h3>\n<p>La route qui m\u00e8ne \u00e0 Ses Salines conduit \u00e9galement \u00e0 une langue de sable sauvage connue pour \u00eatre l\u2019une des <strong>plages nudistes d\u2019Ibiza et \u00e0 l\u2019ambiance gay.<\/strong> Elle compte trois restaurants de plage: Chiringay, situ\u00e9 au plus loin en allant vers les Salines ; El chiringuito, o\u00f9 il n\u2019est pas rare de croiser une c\u00e9l\u00e9brit\u00e9 et La Escollera, avec une superbe vue sur la plage.<\/p>\n<div id=\"attachment_61900\" style=\"width: 910px\" class=\"wp-caption aligncenter\"><a href=\"https:\/\/ibizavilla.com\/wp-content\/uploads\/2019\/05\/beaches_south_ibiza_salines.jpg\"><img loading=\"lazy\" decoding=\"async\" aria-describedby=\"caption-attachment-61900\" class=\"wp-image-61900 size-full\" src=\"https:\/\/ibizavilla.com\/wp-content\/uploads\/2019\/05\/beaches_south_ibiza_salines.jpg\" alt=\"plages du sud d&#039;Ibiza\" width=\"900\" height=\"607\" title=\"\" srcset=\"https:\/\/ibizavilla.com\/wp-content\/uploads\/2019\/05\/beaches_south_ibiza_salines.jpg 900w, https:\/\/ibizavilla.com\/wp-content\/uploads\/2019\/05\/beaches_south_ibiza_salines-300x202.jpg 300w, https:\/\/ibizavilla.com\/wp-content\/uploads\/2019\/05\/beaches_south_ibiza_salines-768x518.jpg 768w\" sizes=\"auto, (max-width: 900px) 100vw, 900px\" \/><\/a><p id=\"caption-attachment-61900\" class=\"wp-caption-text\">Ses Salines est l\u2019une des plages les plus renomm\u00e9es d\u2019Ibiza. \u00a9 Adobe Stock<\/p><\/div>\n<h3>Cala Jondal<\/h3>\n<p>Cette plage du sud d\u2019Ibiza est l\u2019une des plus jolies de l\u2019\u00eele, m\u00eame s\u2019il n\u2019y a quasiment pas de sable. C\u2019est ici que se trouve le renomm\u00e9 <strong>beach club Blue Marlin<\/strong>, que s\u2019impose comme le bar qui vend le plus de bouteilles de champagne de l\u2019\u00eele ; on trouve \u00e9galement d\u2019excellents restaurants de poisson y paellas comme le Tropicana, Yemanj\u00e1 et Es Savina.<\/p>\n<h3>Es Bol Nou\/Sa Caleta<\/h3>\n<p>Cette belle petite crique \u00e9troite et bord\u00e9e de petites falaises rouge\u00e2tres est l\u2019endroit parfait pour les jours o\u00f9 le vent du sud ne souffle pas. En plus, on peut extraire de l\u2019argile des parois de la plage, parfait pour tonifier la peau. Ses eaux sont transparentes et son restaurant Sa Caleta, est un tr\u00e8s bon <strong>restaurant de plage<\/strong> qui dispose d\u2019un petit jardin, id\u00e9al pour la sieste apr\u00e8s manger.<\/p>\n<div id=\"attachment_57483\" style=\"width: 910px\" class=\"wp-caption aligncenter\"><a href=\"https:\/\/ibizavilla.com\/wp-content\/uploads\/2019\/02\/ibiza-beaches-cala-dhort.jpg\"><img loading=\"lazy\" decoding=\"async\" aria-describedby=\"caption-attachment-57483\" class=\"wp-image-57483 size-full\" src=\"https:\/\/ibizavilla.com\/wp-content\/uploads\/2019\/02\/ibiza-beaches-cala-dhort.jpg\" alt=\"beaches in the south of Ibiza near your luxury villa\" width=\"900\" height=\"600\" title=\"\" srcset=\"https:\/\/ibizavilla.com\/wp-content\/uploads\/2019\/02\/ibiza-beaches-cala-dhort.jpg 900w, https:\/\/ibizavilla.com\/wp-content\/uploads\/2019\/02\/ibiza-beaches-cala-dhort-300x200.jpg 300w, https:\/\/ibizavilla.com\/wp-content\/uploads\/2019\/02\/ibiza-beaches-cala-dhort-768x512.jpg 768w, https:\/\/ibizavilla.com\/wp-content\/uploads\/2019\/02\/ibiza-beaches-cala-dhort-240x160.jpg 240w\" sizes=\"auto, (max-width: 900px) 100vw, 900px\" \/><\/a><p id=\"caption-attachment-57483\" class=\"wp-caption-text\">Cala d&rsquo;Hort. \u00a9 Adobe Stock<\/p><\/div>\n<h3>Cala d&rsquo;Hort<\/h3>\n<p>Cette plage du sud d\u2019Ibiza est sans aucun doute l\u2019une des plus charmantes et renomm\u00e9es de l\u2019\u00eele de par sa beaut\u00e9 de paysage ; en effet depuis la plage on peut observer <strong>l\u2019\u00eelot d\u2019Es Vedra<\/strong>. On trouve en plus \u00e0 Cala d\u2019Hort, deux tr\u00e8s bons restaurants de poissons et paellas, ainsi que plusieurs petites cabanes de p\u00eacheurs qui lui procurent une tr\u00e8s agr\u00e9able ambiance de village de p\u00eacheurs.<\/p>\n<h2>Nos villas de luxe dans le sud d&rsquo;Ibiza<\/h2>\n<p>Si ces plages vous ont plu et si vous souhaiteriez \u00eatre log\u00e9s dans ces environs chez Ibiza Villa on vous propose <strong>plus de 30 villas et maisons de campagne situ\u00e9es dans le sud d\u2019Ibiza<\/strong>, dont dans les zones privil\u00e9gi\u00e9es d\u2019Es Cubells et Porroig. Notre pr\u00e9cieuse s\u00e9lection inclue des villas attractives et spectaculaires comme The Pearl, Can Jondal, Can Llosas (situ\u00e9e dans la r\u00e9serve naturelle de Ses Salines) ou Sa Claror.<\/p>\n<div id=\"attachment_61905\" style=\"width: 910px\" class=\"wp-caption aligncenter\"><a href=\"https:\/\/ibizavilla.com\/wp-content\/uploads\/2019\/05\/PEARL-02.jpg\"><img loading=\"lazy\" decoding=\"async\" aria-describedby=\"caption-attachment-61905\" class=\"wp-image-61905\" src=\"https:\/\/ibizavilla.com\/wp-content\/uploads\/2019\/05\/PEARL-02.jpg\" alt=\"villas de lujo en el sur de Ibiza\" width=\"900\" height=\"600\" title=\"\" srcset=\"https:\/\/ibizavilla.com\/wp-content\/uploads\/2019\/05\/PEARL-02.jpg 1080w, https:\/\/ibizavilla.com\/wp-content\/uploads\/2019\/05\/PEARL-02-300x200.jpg 300w, https:\/\/ibizavilla.com\/wp-content\/uploads\/2019\/05\/PEARL-02-768x512.jpg 768w, https:\/\/ibizavilla.com\/wp-content\/uploads\/2019\/05\/PEARL-02-1024x683.jpg 1024w, https:\/\/ibizavilla.com\/wp-content\/uploads\/2019\/05\/PEARL-02-240x160.jpg 240w\" sizes=\"auto, (max-width: 900px) 100vw, 900px\" \/><\/a><p id=\"caption-attachment-61905\" class=\"wp-caption-text\">The Pearl. \u00a9 Ibiza Villa<\/p><\/div>\n<p>Pour d\u00e9couvrir toutes nos villas disponibles dans le sud d\u2019Ibiza \u00e0 vos dates de vacances, vous pouvez utiliser la <strong>carte interactive de notre nouveau site web<\/strong> ou filtrer par zones dans la recherche avanc\u00e9e (Cala Jondal, Es Cubells, Ibiza San Jos\u00e9 Road, Las Salinas, Sa Carroca y Sant Jordi) ou bien s\u00e9lectionner toute la zone de San Jos\u00e9.<\/p>\n<p style=\"text-align: center\">**<\/p>\n","protected":false},"excerpt":{"rendered":"<p>Si vous \u00eates log\u00e9s dans l\u2019une de nos villas situ\u00e9es dans les environs de Sant Josep de sa Talaia vous serez probablement int\u00e9ress\u00e9s de conna\u00eetre \u00e0 notre s\u00e9lection des plus belles plages du sud d\u2019Ibiza. Et si vous souhaitez en savoir plus sur les plages environnantes, n\u2019h\u00e9sitez pas \u00e0 revenir sur notre pr\u00e9c\u00e9dent article d\u00e9di\u00e9 &#8230;<\/p>\n","protected":false},"author":9,"featured_media":61897,"comment_status":"closed","ping_status":"closed","sticky":false,"template":"","format":"standard","meta":{"_acf_changed":false,"_joinchat":[],"footnotes":""},"categories":[368],"tags":[],"class_list":["post-61914","post","type-post","status-publish","format-standard","has-post-thumbnail","hentry","category-les-loisirs"],"acf":[],"_links":{"self":[{"href":"https:\/\/ibizavilla.com\/fr\/wp-json\/wp\/v2\/posts\/61914","targetHints":{"allow":["GET"]}}],"collection":[{"href":"https:\/\/ibizavilla.com\/fr\/wp-json\/wp\/v2\/posts"}],"about":[{"href":"https:\/\/ibizavilla.com\/fr\/wp-json\/wp\/v2\/types\/post"}],"author":[{"embeddable":true,"href":"https:\/\/ibizavilla.com\/fr\/wp-json\/wp\/v2\/users\/9"}],"replies":[{"embeddable":true,"href":"https:\/\/ibizavilla.com\/fr\/wp-json\/wp\/v2\/comments?post=61914"}],"version-history":[{"count":1,"href":"https:\/\/ibizavilla.com\/fr\/wp-json\/wp\/v2\/posts\/61914\/revisions"}],"predecessor-version":[{"id":118250,"href":"https:\/\/ibizavilla.com\/fr\/wp-json\/wp\/v2\/posts\/61914\/revisions\/118250"}],"wp:featuredmedia":[{"embeddable":true,"href":"https:\/\/ibizavilla.com\/fr\/wp-json\/wp\/v2\/media\/61897"}],"wp:attachment":[{"href":"https:\/\/ibizavilla.com\/fr\/wp-json\/wp\/v2\/media?parent=61914"}],"wp:term":[{"taxonomy":"category","embeddable":true,"href":"https:\/\/ibizavilla.com\/fr\/wp-json\/wp\/v2\/categories?post=61914"},{"taxonomy":"post_tag","embeddable":true,"href":"https:\/\/ibizavilla.com\/fr\/wp-json\/wp\/v2\/tags?post=61914"}],"curies":[{"name":"wp","href":"https:\/\/api.w.org\/{rel}","templated":true}]}}