{"id":64405,"date":"2019-07-02T16:42:45","date_gmt":"2019-07-02T14:42:45","guid":{"rendered":"https:\/\/ibizavilla.com\/?p=64405"},"modified":"2025-12-22T10:19:25","modified_gmt":"2025-12-22T09:19:25","slug":"villas-a-ibiza-pour-les-familles","status":"publish","type":"post","link":"https:\/\/ibizavilla.com\/fr\/villas-a-ibiza-pour-les-familles\/","title":{"rendered":"6 villas \u00e0 Ibiza pour les familles"},"content":{"rendered":"<p><a href=\"https:\/\/ibizavilla.com\/wp-content\/uploads\/2019\/07\/iv-family-friendly-ibiza-villas-inside.jpg\"><img loading=\"lazy\" decoding=\"async\" class=\"aligncenter size-full wp-image-64393\" src=\"https:\/\/ibizavilla.com\/wp-content\/uploads\/2019\/07\/iv-family-friendly-ibiza-villas-inside.jpg\" alt=\"villas en Ibiza para familias family friendly villa ibiza\" width=\"805\" height=\"451\" title=\"\" srcset=\"https:\/\/ibizavilla.com\/wp-content\/uploads\/2019\/07\/iv-family-friendly-ibiza-villas-inside.jpg 805w, https:\/\/ibizavilla.com\/wp-content\/uploads\/2019\/07\/iv-family-friendly-ibiza-villas-inside-300x168.jpg 300w, https:\/\/ibizavilla.com\/wp-content\/uploads\/2019\/07\/iv-family-friendly-ibiza-villas-inside-768x430.jpg 768w\" sizes=\"auto, (max-width: 805px) 100vw, 805px\" \/><\/a><\/p>\n<p>L&rsquo;\u00eele blanche est la parfaite destination pour profiter avec les enfants, et si vous partez \u00e0 plusieurs et que les enfants sont entres eux c&rsquo;est encore mieux!\u00a0 Si vous programmez des vacances avec des enfants, prenez note de nos meilleures villas \u00e0 Ibiza pour les familles et r\u00e9servez d\u00e8s aujourd&rsquo;hui #yournextvillainIbiza.<\/p>\n<p><!--more--><\/p>\n<h2>Des vacances en famille \u00e0 Ibiza?<\/h2>\n<p>L\u2019une des erreurs les plus courantes commise par ceux qui ne connaissent pas Ibiza est de penser que l&rsquo;\u00eele est uniquement d\u00e9di\u00e9e \u00e0 la f\u00eate et \u00e0 la vie nocturne. Une grosse erreur en effet puisque la plus grande partie de son territoire est en marge des clubs et des soir\u00e9es. C\u2019est pourquoi on peut dire qu\u2019<strong>Ibiza est une excellente destination pour des vacances en famille,<\/strong> notamment gr\u00e2ce \u00e0 ses <a href=\"https:\/\/ibiza.travel\/fr\/connaitre-ibiza\/nos-plages\/\" target=\"_blank\" rel=\"noopener\">nombreuses plages aux eaux calmes<\/a> qui garantissent une baignade en mer sans danger ; mais \u00e9galement pour le large \u00e9ventail d\u2019activit\u00e9s nautiques pouvant \u00eatre pratiqu\u00e9es sur l\u2019\u00eele.<\/p>\n<h2>Nos meilleures villas \u00e0 Ibiza pour les familles<\/h2>\n<p><strong>Bella Mar<\/strong><\/p>\n<p>Avec une capacit\u00e9 de 10 personnes, cette villa est id\u00e9ale pour les enfants gr\u00e2ce \u00e0 son excellent emplacement, <strong>\u00e0 seulement 5 minutes \u00e0 pied de Cala Tarida<\/strong>, l&rsquo;une des principales plages familiales d&rsquo;Ibiza.\u00a0 De plus, il est parfaitement possible de surveiller la piscine depuis le porche et la chambre principale au rez-de-chauss\u00e9e, garantissant ainsi une s\u00e9curit\u00e9 maximale.<\/p>\n<div id=\"attachment_28978\" style=\"width: 910px\" class=\"wp-caption aligncenter\"><a href=\"https:\/\/ibizavilla.com\/wp-content\/uploads\/2018\/11\/bella_mar_5.jpg\"><img loading=\"lazy\" decoding=\"async\" aria-describedby=\"caption-attachment-28978\" class=\"wp-image-28978\" src=\"https:\/\/ibizavilla.com\/wp-content\/uploads\/2018\/11\/bella_mar_5.jpg\" alt=\"villas en Ibiza para familias\" width=\"900\" height=\"599\" title=\"\"><\/a><p id=\"caption-attachment-28978\" class=\"wp-caption-text\">Bella Mar est une excellente option pour des vacances en famille \u00e0 Ibiza. \u00a9 Ibiza Villa<\/p><\/div>\n<p>&nbsp;<\/p>\n<p><strong>Finca Rosada<\/strong><\/p>\n<p>Dans les environs du paisible village de Santa Gertrudis se trouve l&rsquo;une de nos belles villas \u00e0 Ibiza pour les familles: <a href=\"https:\/\/ibizavilla.com\/fr\/locations\/\">Finca Rosada<\/a>. De style ibicenco, cette maison de campagne pouvant accueillir 8 personnes est id\u00e9ale pour deux familles gr\u00e2ce \u00e0 <strong>ses deux piscines et \u00e0 son grand terrain de 9 000 m2 enti\u00e8rement cl\u00f4tur\u00e9 avec portail \u00e9lectrique<\/strong>. Vous adorerez sa v\u00e9g\u00e9tation m\u00e9diterran\u00e9enne, ses deux barbecues, ses zones de d\u00e9tente, son grand jardin id\u00e9al pour s\u2019amuser et la tranquillit\u00e9 de l\u2019endroit.<\/p>\n<div id=\"attachment_63125\" style=\"width: 910px\" class=\"wp-caption aligncenter\"><a href=\"https:\/\/ibizavilla.com\/wp-content\/uploads\/2019\/05\/IV-ibiza-2019-villas.jpg\"><img loading=\"lazy\" decoding=\"async\" aria-describedby=\"caption-attachment-63125\" class=\"wp-image-63125 size-full\" src=\"https:\/\/ibizavilla.com\/wp-content\/uploads\/2019\/05\/IV-ibiza-2019-villas.jpg\" alt=\"villas \u00e0 Ibiza pour les familles\" width=\"900\" height=\"600\" title=\"\" srcset=\"https:\/\/ibizavilla.com\/wp-content\/uploads\/2019\/05\/IV-ibiza-2019-villas.jpg 900w, https:\/\/ibizavilla.com\/wp-content\/uploads\/2019\/05\/IV-ibiza-2019-villas-300x200.jpg 300w, https:\/\/ibizavilla.com\/wp-content\/uploads\/2019\/05\/IV-ibiza-2019-villas-768x512.jpg 768w, https:\/\/ibizavilla.com\/wp-content\/uploads\/2019\/05\/IV-ibiza-2019-villas-240x160.jpg 240w\" sizes=\"auto, (max-width: 900px) 100vw, 900px\" \/><\/a><p id=\"caption-attachment-63125\" class=\"wp-caption-text\">Finca Rosada est l&rsquo;une des nouvelles villas d&rsquo;Ibiza Villa pour l&rsquo;\u00e9t\u00e9 2019<\/p><\/div>\n<p>&nbsp;<\/p>\n<p><strong>Villa Ses Roques<\/strong><\/p>\n<p>Cette <a href=\"https:\/\/ibizavilla.com\/fr\/villa-luxe-ibiza-10-personnes-ses-roques\/\">villa situ\u00e9e sur la c\u00f4te ouest avec une vue fabuleuse sur le coucher de soleil<\/a> et les \u00eelots de Ponent est \u00e9galement id\u00e9ale pour des <strong>vacances \u00e0 Ibiza avec des enfants.<\/strong> Elle a une capacit\u00e9 pour 10 personnes, de grandes terrasses ombrag\u00e9es, une piscine ferm\u00e9e par un portillon et un beau jardin m\u00e9diterran\u00e9en avec des espaces plats pour jouer. De plus, la propri\u00e9t\u00e9 se trouve \u00e0 quelques minutes en voiture de belles plages telles que Cala Bassa ou Cala Tarida.<\/p>\n<div id=\"attachment_29776\" style=\"width: 910px\" class=\"wp-caption aligncenter\"><a href=\"https:\/\/ibizavilla.com\/wp-content\/uploads\/2018\/11\/ses_roques_14.jpg\"><img loading=\"lazy\" decoding=\"async\" aria-describedby=\"caption-attachment-29776\" class=\"wp-image-29776\" src=\"https:\/\/ibizavilla.com\/wp-content\/uploads\/2018\/11\/ses_roques_14.jpg\" alt=\"villas \u00e0 Ibiza pour les familles villas en Ibiza para familias\" width=\"900\" height=\"598\" title=\"\" srcset=\"https:\/\/ibizavilla.com\/wp-content\/uploads\/2018\/11\/ses_roques_14.jpg 1024w, https:\/\/ibizavilla.com\/wp-content\/uploads\/2018\/11\/ses_roques_14-300x199.jpg 300w, https:\/\/ibizavilla.com\/wp-content\/uploads\/2018\/11\/ses_roques_14-768x510.jpg 768w, https:\/\/ibizavilla.com\/wp-content\/uploads\/2018\/11\/ses_roques_14-240x160.jpg 240w\" sizes=\"auto, (max-width: 900px) 100vw, 900px\" \/><\/a><p id=\"caption-attachment-29776\" class=\"wp-caption-text\">Ses Roques poss\u00e8de une fabuleuse piscine ext\u00e9rieure et un coin repas. \u00a9 Ses Roques<\/p><\/div>\n<p>&nbsp;<\/p>\n<p><strong>Can Toni d\u2019en Benissait<\/strong><\/p>\n<p>Cette <a href=\"https:\/\/ibizavilla.com\/fr\/properties\/can-toni-den-benissait\/\">charmante maison de campagne de style traditionnel<\/a> est situ\u00e9e \u00e0 proximit\u00e9 du village de Sant Carles de Peralta, <strong>l\u2019une des zones d\u2019Ibiza o\u00f9 r\u00e8gne une ambiance familiale<\/strong>. Pouvant accueillir jusqu&rsquo;\u00e0 12 personnes, elle est id\u00e9ale pour des vacances avec enfants gr\u00e2ce \u00e0 sa piscine cl\u00f4tur\u00e9e, son grand terrain de 65 000 m\u00b2 avec arbres fruitiers et vignes et \u00e0 son excellente situation \u00e0 quelques minutes de route de plages familiales telles que Cala Llena, Cala Boix ou Es Figueral.<\/p>\n<div id=\"attachment_33725\" style=\"width: 910px\" class=\"wp-caption aligncenter\"><a href=\"https:\/\/ibizavilla.com\/wp-content\/uploads\/2018\/11\/can_toni_den_benissait_2.jpg\"><img loading=\"lazy\" decoding=\"async\" aria-describedby=\"caption-attachment-33725\" class=\"wp-image-33725\" src=\"https:\/\/ibizavilla.com\/wp-content\/uploads\/2018\/11\/can_toni_den_benissait_2.jpg\" alt=\"villas en ibiza para familias en la zona este santa eulalia\" width=\"900\" height=\"675\" title=\"\"><\/a><p id=\"caption-attachment-33725\" class=\"wp-caption-text\">Charmante villa \u00e0 Ibiza pour les familles situ\u00e9e \u00e0 proximit\u00e9 de la ville de Sant Carles. \u00a9 Can Toni d&rsquo;en Benissait<\/p><\/div>\n<p>&nbsp;<\/p>\n<p><strong>Can Pere Blai <\/strong><\/p>\n<p>L\u2019une des options les plus \u00e9conomiques dans nos villas \u00e0 Ibiza pour les familles est cette <a href=\"https:\/\/ibizavilla.com\/fr\/locations\/\">maison pour 6 personnes situ\u00e9e \u00e0 quelques minutes \u00e0 pied de la ville de Santa Eul\u00e0ria des Riu<\/a>, avec, \u00e0 proximit\u00e9, la seule plage de l\u2019\u00eele o\u00f9 il est interdit de fumer. La maison est parfaite pour un s\u00e9jour avec enfants et dispose de <strong>600m2 de terrain plat avec piscine<\/strong>, table de ping-pong et barbecue.<\/p>\n<div id=\"attachment_44466\" style=\"width: 910px\" class=\"wp-caption aligncenter\"><a href=\"https:\/\/ibizavilla.com\/wp-content\/uploads\/2019\/01\/Can-Pere-Blai-4.jpg\"><img loading=\"lazy\" decoding=\"async\" aria-describedby=\"caption-attachment-44466\" class=\"wp-image-44466\" src=\"https:\/\/ibizavilla.com\/wp-content\/uploads\/2019\/01\/Can-Pere-Blai-4.jpg\" alt=\"villas en ibiza para familias buen precio\" width=\"900\" height=\"600\" title=\"\" srcset=\"https:\/\/ibizavilla.com\/wp-content\/uploads\/2019\/01\/Can-Pere-Blai-4.jpg 1080w, https:\/\/ibizavilla.com\/wp-content\/uploads\/2019\/01\/Can-Pere-Blai-4-300x200.jpg 300w, https:\/\/ibizavilla.com\/wp-content\/uploads\/2019\/01\/Can-Pere-Blai-4-768x512.jpg 768w, https:\/\/ibizavilla.com\/wp-content\/uploads\/2019\/01\/Can-Pere-Blai-4-1024x683.jpg 1024w, https:\/\/ibizavilla.com\/wp-content\/uploads\/2019\/01\/Can-Pere-Blai-4-240x160.jpg 240w\" sizes=\"auto, (max-width: 900px) 100vw, 900px\" \/><\/a><p id=\"caption-attachment-44466\" class=\"wp-caption-text\">Can Pere Blai est situ\u00e9 \u00e0 quelques minutes de Santa Eulalia. \u00a9 Can Pere Blai<\/p><\/div>\n<p>&nbsp;<\/p>\n<p><strong>Casa Domingo<\/strong><\/p>\n<p>Cette <a href=\"https:\/\/ibizavilla.com\/fr\/properties\/casa-domingo\/\">villa \u00e0 Ibiza pour 8 personnes<\/a> est construite sur un vaste terrain de 4.500m2 et offre une vue mer spectaculaire o\u00f9 la c\u00f4te d&rsquo;Es Cubells se dessine parfaitement. Si vous voyagez avec des enfants, vous aimerez son <strong>aire de jeux<\/strong>, son grand jardin, sa salle \u00e0 manger en plein air avec barbecue et sa piscine avec superbe vue mer.<\/p>\n<div id=\"attachment_28764\" style=\"width: 910px\" class=\"wp-caption aligncenter\"><a href=\"https:\/\/ibizavilla.com\/wp-content\/uploads\/2018\/11\/casa_domingo_03.jpg\"><img loading=\"lazy\" decoding=\"async\" aria-describedby=\"caption-attachment-28764\" class=\"wp-image-28764\" src=\"https:\/\/ibizavilla.com\/wp-content\/uploads\/2018\/11\/casa_domingo_03.jpg\" alt=\"casa domingo villas \u00e0 Ibiza pour les familles \" width=\"900\" height=\"599\" title=\"\" srcset=\"https:\/\/ibizavilla.com\/wp-content\/uploads\/2018\/11\/casa_domingo_03.jpg 1024w, https:\/\/ibizavilla.com\/wp-content\/uploads\/2018\/11\/casa_domingo_03-300x200.jpg 300w, https:\/\/ibizavilla.com\/wp-content\/uploads\/2018\/11\/casa_domingo_03-768x512.jpg 768w, https:\/\/ibizavilla.com\/wp-content\/uploads\/2018\/11\/casa_domingo_03-240x160.jpg 240w\" sizes=\"auto, (max-width: 900px) 100vw, 900px\" \/><\/a><p id=\"caption-attachment-28764\" class=\"wp-caption-text\">Can Domingo a une aire de jeux pour les enfants et une piscine avec vue sur la mer. \u00a9 Can Domingo<\/p><\/div>\n<p style=\"text-align: left\">Photo principale: \u00a9 Guerilla \/AdobeStock<\/p>\n<p style=\"text-align: center\">**<\/p>\n","protected":false},"excerpt":{"rendered":"<p>L&rsquo;\u00eele blanche est la parfaite destination pour profiter avec les enfants, et si vous partez \u00e0 plusieurs et que les enfants sont entres eux c&rsquo;est encore mieux!\u00a0 Si vous programmez des vacances avec des enfants, prenez note de nos meilleures villas \u00e0 Ibiza pour les familles et r\u00e9servez d\u00e8s aujourd&rsquo;hui #yournextvillainIbiza.<\/p>\n","protected":false},"author":9,"featured_media":64390,"comment_status":"closed","ping_status":"closed","sticky":false,"template":"","format":"standard","meta":{"_acf_changed":false,"_joinchat":[],"footnotes":""},"categories":[377],"tags":[],"class_list":["post-64405","post","type-post","status-publish","format-standard","has-post-thumbnail","hentry","category-villas-fr"],"acf":[],"_links":{"self":[{"href":"https:\/\/ibizavilla.com\/fr\/wp-json\/wp\/v2\/posts\/64405","targetHints":{"allow":["GET"]}}],"collection":[{"href":"https:\/\/ibizavilla.com\/fr\/wp-json\/wp\/v2\/posts"}],"about":[{"href":"https:\/\/ibizavilla.com\/fr\/wp-json\/wp\/v2\/types\/post"}],"author":[{"embeddable":true,"href":"https:\/\/ibizavilla.com\/fr\/wp-json\/wp\/v2\/users\/9"}],"replies":[{"embeddable":true,"href":"https:\/\/ibizavilla.com\/fr\/wp-json\/wp\/v2\/comments?post=64405"}],"version-history":[{"count":4,"href":"https:\/\/ibizavilla.com\/fr\/wp-json\/wp\/v2\/posts\/64405\/revisions"}],"predecessor-version":[{"id":118496,"href":"https:\/\/ibizavilla.com\/fr\/wp-json\/wp\/v2\/posts\/64405\/revisions\/118496"}],"wp:featuredmedia":[{"embeddable":true,"href":"https:\/\/ibizavilla.com\/fr\/wp-json\/wp\/v2\/media\/64390"}],"wp:attachment":[{"href":"https:\/\/ibizavilla.com\/fr\/wp-json\/wp\/v2\/media?parent=64405"}],"wp:term":[{"taxonomy":"category","embeddable":true,"href":"https:\/\/ibizavilla.com\/fr\/wp-json\/wp\/v2\/categories?post=64405"},{"taxonomy":"post_tag","embeddable":true,"href":"https:\/\/ibizavilla.com\/fr\/wp-json\/wp\/v2\/tags?post=64405"}],"curies":[{"name":"wp","href":"https:\/\/api.w.org\/{rel}","templated":true}]}}