{"id":65042,"date":"2019-07-29T09:55:48","date_gmt":"2019-07-29T07:55:48","guid":{"rendered":"https:\/\/ibizavilla.com\/?p=65042"},"modified":"2025-12-22T10:19:57","modified_gmt":"2025-12-22T09:19:57","slug":"meilleurs-toits-terrasses-ibiza-nuit","status":"publish","type":"post","link":"https:\/\/ibizavilla.com\/fr\/meilleurs-toits-terrasses-ibiza-nuit\/","title":{"rendered":"Les meilleurs toits terrasses d&rsquo;Ibiza"},"content":{"rendered":"<p><a href=\"https:\/\/ibizavilla.com\/wp-content\/uploads\/2019\/07\/IV-rooftops-Ibiza-open.jpg\"><img loading=\"lazy\" decoding=\"async\" class=\"aligncenter size-full wp-image-65008\" src=\"https:\/\/ibizavilla.com\/wp-content\/uploads\/2019\/07\/IV-rooftops-Ibiza-open.jpg\" alt=\"rooftops de Ibiza\" width=\"900\" height=\"600\" title=\"\" srcset=\"https:\/\/ibizavilla.com\/wp-content\/uploads\/2019\/07\/IV-rooftops-Ibiza-open.jpg 900w, https:\/\/ibizavilla.com\/wp-content\/uploads\/2019\/07\/IV-rooftops-Ibiza-open-300x200.jpg 300w, https:\/\/ibizavilla.com\/wp-content\/uploads\/2019\/07\/IV-rooftops-Ibiza-open-768x512.jpg 768w, https:\/\/ibizavilla.com\/wp-content\/uploads\/2019\/07\/IV-rooftops-Ibiza-open-240x160.jpg 240w\" sizes=\"auto, (max-width: 900px) 100vw, 900px\" \/><\/a><\/p>\n<p>Les splendides couchers de soleil que l\u2019\u00eele blanche vous offre sont d&rsquo;autant plus apr\u00e9ciables en hauteur, depuis l&rsquo;un des meilleurs toits terrasses d&rsquo;Ibiza pour ainsi jouir d&rsquo;une vue panoramique. Et si vous souhaitez admirer le coucher de soleil jusqu&rsquo;\u00e0 ce que la nuit tombe, vous pourrez encha\u00eener par un d\u00eener propos\u00e9 par la plupart de ces espaces \u00e0 la mode.<\/p>\n<p><!--more--><\/p>\n<h2><span class=\"tlid-translation translation\" lang=\"fr\"><span class=\"\" title=\"\">Toits terrasses d&rsquo;Ibiza o\u00f9 d\u00eener<\/span><\/span><\/h2>\n<p><strong>Belvue Rooftop<\/strong><\/p>\n<p>Le dernier toit terrasse inaugur\u00e9 \u00e0 Ibiza est celui de l\u2019Am\u00e0re Beach Hotel Ibiza, \u00e9tablissement 4 \u00e9toiles situ\u00e9 \u00e0 Cala de Bou. Ses deux principaux attraits sont sa superbe vue sur le coucher de soleil d&rsquo;Ibiza et sur la baie de San Antonio, ainsi que sa cuisine latine cr\u00e9ative de son <strong><a href=\"https:\/\/www.amarehotels.com\/es\/amare-ibiza\/hayaca\/\" target=\"_blank\" rel=\"noopener\">restaurant Hayaca<\/a><\/strong>, dont le chef a re\u00e7u une \u00e9toile Michelin avec son restaurant Messina (Marbella). De plus, vous pourrez profiter de l&rsquo;\u00e9v\u00e9nement Sunset Ritual, avec spectacle en direct, sessions DJ avec rythme Latin House et cocktails originaux. Quelques unes de nos villas situ\u00e9es pr\u00e8s de Belvue Rooftop sont <a href=\"https:\/\/ibizavilla.com\/fr\/villa-luxe-ibiza-10-personnes-ses-roques\/\">Ses Roques<\/a> et <a href=\"https:\/\/ibizavilla.com\/fr\/properties\/sa-claror\/\">Sa Claror<\/a>.<\/p>\n<p><strong>Radio ME Ibiza Rooftop Bar<\/strong><\/p>\n<p>Si vous s\u00e9journez dans l&rsquo;une de nos villas sur la c\u00f4te est, vous serez s\u00fbrement int\u00e9ress\u00e9 de savoir que sur la plage de S&rsquo;Argamassa se trouve le toit terrasse de l&rsquo;h\u00f4tel Me Ibiza. Avec <strong>une vue \u00e0 360 \u00b0<\/strong>, il jouit d&rsquo;une piscine, d&rsquo;un restaurant et d&rsquo;un bar face \u00e0 la mer, \u00e0 l&rsquo;endroit le le plus appropri\u00e9 pour admirer le coucher du soleil. Et si vous souhaitez d\u00eener, le menu offre des propositions de cuisine fusion internationale. Radio Me Ibiza Rooftop est situ\u00e9 pr\u00e8s de nos villas de luxe <a href=\"https:\/\/ibizavilla.com\/fr\/locations\/\">Can Pere Blai<\/a> et <a href=\"https:\/\/ibizavilla.com\/fr\/locations\/\">Can Basso<\/a>.<\/p>\n<div id=\"attachment_65013\" style=\"width: 910px\" class=\"wp-caption aligncenter\"><a href=\"https:\/\/ibizavilla.com\/wp-content\/uploads\/2019\/07\/IV-rooftops-ibiza-bellvue.jpg\"><img loading=\"lazy\" decoding=\"async\" aria-describedby=\"caption-attachment-65013\" class=\"wp-image-65013 size-full\" src=\"https:\/\/ibizavilla.com\/wp-content\/uploads\/2019\/07\/IV-rooftops-ibiza-bellvue.jpg\" alt=\"toits terrasses d&#039;Ibiza\" width=\"900\" height=\"600\" title=\"\" srcset=\"https:\/\/ibizavilla.com\/wp-content\/uploads\/2019\/07\/IV-rooftops-ibiza-bellvue.jpg 900w, https:\/\/ibizavilla.com\/wp-content\/uploads\/2019\/07\/IV-rooftops-ibiza-bellvue-300x200.jpg 300w, https:\/\/ibizavilla.com\/wp-content\/uploads\/2019\/07\/IV-rooftops-ibiza-bellvue-768x512.jpg 768w, https:\/\/ibizavilla.com\/wp-content\/uploads\/2019\/07\/IV-rooftops-ibiza-bellvue-240x160.jpg 240w\" sizes=\"auto, (max-width: 900px) 100vw, 900px\" \/><\/a><p id=\"caption-attachment-65013\" class=\"wp-caption-text\">Am\u00e0re beach hotel Ibiza a l&rsquo;un des meilleurs toits terrasses de l&rsquo;\u00eele. \u00a9 JMGStudio \/ Am\u00e0re Beach Hotel Ibiza<\/p><\/div>\n<p>&nbsp;<\/p>\n<h2><span class=\"tlid-translation translation\" lang=\"fr\"><span class=\"\" title=\"\">Toits terrasses d&rsquo;Ibiza o\u00f9 commencer la nuit<\/span><\/span><\/h2>\n<p><strong>Up Ibiza Sky Society<\/strong><\/p>\n<p>Dans la s\u00e9lection des meilleurs toits terrasses d&rsquo;Ibiza, ne manquez pas la terrasse du The Tower, l&rsquo;un des deux b\u00e2timents qui composent l&rsquo;h\u00f4tel Ushua\u00efa Ibiza Beach. Ce toit terrasse a \u00e9t\u00e9 le premier sur l\u2019\u00eele \u00e0 nous faire quitter la plage pour admirer le coucher de soleil depuis les hauteurs d\u2019un h\u00f4tel et continue dans sa dynamique de devenir l\u2019un des principaux panoramas \u00e0 appr\u00e9cier lors d\u2019un voyage \u00e0 Ibiza. Vous y appr\u00e9cierez une v<strong>ue spectaculaire sur Formentera, la Playa d\u2019en Bossa, les salines et l\u2019a\u00e9roport<\/strong>, une bonne ambiance, des sessions de DJ et un excellent menu de cocktails pour profiter de la nuit.<\/p>\n<p>Et si vous voulez changer d\u2019atmosph\u00e8re, vous trouverez le neuvi\u00e8me toit terrasse sur le Hard Rock Hotel Ibiza voisin, qui n\u2019a rien \u00e0 envier \u00e0 Up Sky Society. Ces deux toits terrasses se trouvent \u00e0 proximit\u00e9 de certaines de nos villas de luxe situ\u00e9es \u00e0 San Jose, telles que <a href=\"https:\/\/ibizavilla.com\/fr\/locations\/\">Casa Belvedere<\/a>, Can Tyane, <a href=\"https:\/\/ibizavilla.com\/fr\/properties\/fuente-de-ibiza\/\">Fuente de Ibiza<\/a>.<\/p>\n<p><strong>Tirapall\u00e1<\/strong><\/p>\n<p>Ce toit-terrasse de la ville d\u2019Ibiza, situ\u00e9 dans la rue d\u2019Alfons XII, offre l\u2019<strong>une des meilleures vues sur la ville<\/strong>. Vous pourrez y appr\u00e9cier le profil embl\u00e9matique de Dalt Vila, la vieille ville. Avec une atmosph\u00e8re d\u00e9contract\u00e9e et vari\u00e9e, le toit terrasse Tirapall\u00e1 est parfait pour prendre un verre avant le d\u00eener &#8211; un moment tr\u00e8s calme &#8211; ou pour se d\u00e9tendre autour d&rsquo;un verre avec de la musique. <a href=\"https:\/\/ibizavilla.com\/fr\/locations\/\">Can Roy<\/a> et <a href=\"https:\/\/ibizavilla.com\/fr\/properties\/la-jecinda\/\">La Jecinda<\/a> sont quelques unes de nos villas de luxe situ\u00e9es \u00e0 proximit\u00e9 de la ville d\u2019Ibiza<\/p>\n<div id=\"attachment_65018\" style=\"width: 910px\" class=\"wp-caption aligncenter\"><a href=\"https:\/\/ibizavilla.com\/wp-content\/uploads\/2019\/07\/IV-rooftops-ibiza-cubanito.jpg\"><img loading=\"lazy\" decoding=\"async\" aria-describedby=\"caption-attachment-65018\" class=\"wp-image-65018 size-full\" src=\"https:\/\/ibizavilla.com\/wp-content\/uploads\/2019\/07\/IV-rooftops-ibiza-cubanito.jpg\" alt=\"toits terrasses d&#039;Ibiza\" width=\"900\" height=\"600\" title=\"\" srcset=\"https:\/\/ibizavilla.com\/wp-content\/uploads\/2019\/07\/IV-rooftops-ibiza-cubanito.jpg 900w, https:\/\/ibizavilla.com\/wp-content\/uploads\/2019\/07\/IV-rooftops-ibiza-cubanito-300x200.jpg 300w, https:\/\/ibizavilla.com\/wp-content\/uploads\/2019\/07\/IV-rooftops-ibiza-cubanito-768x512.jpg 768w, https:\/\/ibizavilla.com\/wp-content\/uploads\/2019\/07\/IV-rooftops-ibiza-cubanito-240x160.jpg 240w\" sizes=\"auto, (max-width: 900px) 100vw, 900px\" \/><\/a><p id=\"caption-attachment-65018\" class=\"wp-caption-text\">Coucher de soleil avec musique latine \u00e0 Cubanito. \u00a9 Cubanito Ibiza<\/p><\/div>\n<p><strong>Cubanito<\/strong><\/p>\n<p>Ce toit terrasse surplombant le coucher de soleil de San Antonio vous enchantera si vous recherchez une atmosph\u00e8re cosmopolite et diversifi\u00e9e ainsi qu&rsquo;<strong>un programme anim\u00e9 d&rsquo;\u00e9v\u00e9nements avec une tr\u00e8s bonne musique<\/strong>. Vous y trouverez des groupes de musique latins, des sessions de DJ avec des sons funk, soul et house, musique cubaine \u00e9galment&#8230; Ne manquez pas de vous y arr\u00eater si vous s\u00e9journez dans l&rsquo;une de nos villas de luxe pr\u00e8s de San Antonio, situ\u00e9es dans les r\u00e9gions de Cala Graci\u00f3, Cap Negret et Cala Salada.<\/p>\n<p><strong>OD Sky Bar<\/strong><\/p>\n<p>L&rsquo;un des <a href=\"https:\/\/www.od-hotels.com\/\" target=\"_blank\" rel=\"noopener\">toits terrasses d&rsquo;Ibiza<strong> les plus anim\u00e9s<\/strong><\/a> est situ\u00e9 au sommet de l&rsquo;h\u00f4tel OD Ocean Drive, \u00e0 Marina Botafoch. Il se distingue par son atmosph\u00e8re joviale, sa bonne musique et sa superbe vue sur La Marina, la baie d&rsquo;Ibiza, Dalt Vila et Formentera. Sans aucun doute, l\u2019une des meilleures options pour commencer la soir\u00e9e par un agr\u00e9able d\u00eener dans la ville ou sur le port.<\/p>\n<p><strong>One Ibiza Suites<\/strong><\/p>\n<p>Formentera, Ibiza et les plages de Ses Figueretes et de Playa d\u2019en Bossa apparaissent sur le panorama du toit terrasse Oneeighty, la terrasse du One Ibiza Suites. Sa terrasse paisible est parfaite pour un cocktail ou une bi\u00e8re bien fra\u00eeche avant d&rsquo;aller d\u00eener \u00e0 Ibiza, par exemple. Et si vous avez faim t\u00f4t, vous pouvez commander un d\u00e9licieux en-cas, comme du houmous aux crudit\u00e9s.<\/p>\n<div id=\"attachment_65023\" style=\"width: 910px\" class=\"wp-caption aligncenter\"><a href=\"https:\/\/ibizavilla.com\/wp-content\/uploads\/2019\/07\/IV-rooftops-ibiza-od.jpg\"><img loading=\"lazy\" decoding=\"async\" aria-describedby=\"caption-attachment-65023\" class=\"size-full wp-image-65023\" src=\"https:\/\/ibizavilla.com\/wp-content\/uploads\/2019\/07\/IV-rooftops-ibiza-od.jpg\" alt=\"OD Sky Bar\" width=\"900\" height=\"600\" title=\"\" srcset=\"https:\/\/ibizavilla.com\/wp-content\/uploads\/2019\/07\/IV-rooftops-ibiza-od.jpg 900w, https:\/\/ibizavilla.com\/wp-content\/uploads\/2019\/07\/IV-rooftops-ibiza-od-300x200.jpg 300w, https:\/\/ibizavilla.com\/wp-content\/uploads\/2019\/07\/IV-rooftops-ibiza-od-768x512.jpg 768w, https:\/\/ibizavilla.com\/wp-content\/uploads\/2019\/07\/IV-rooftops-ibiza-od-240x160.jpg 240w\" sizes=\"auto, (max-width: 900px) 100vw, 900px\" \/><\/a><p id=\"caption-attachment-65023\" class=\"wp-caption-text\">OD Sky Bar \u00a9 OD Hoteles<\/p><\/div>\n<p>Photo principale: \u00a9 JMGStudio \/ Am\u00e0re Beach Hotel Ibiza<\/p>\n<p>&nbsp;<\/p>\n","protected":false},"excerpt":{"rendered":"<p>Les splendides couchers de soleil que l\u2019\u00eele blanche vous offre sont d&rsquo;autant plus apr\u00e9ciables en hauteur, depuis l&rsquo;un des meilleurs toits terrasses d&rsquo;Ibiza pour ainsi jouir d&rsquo;une vue panoramique. Et si vous souhaitez admirer le coucher de soleil jusqu&rsquo;\u00e0 ce que la nuit tombe, vous pourrez encha\u00eener par un d\u00eener propos\u00e9 par la plupart de &#8230;<\/p>\n","protected":false},"author":9,"featured_media":65030,"comment_status":"closed","ping_status":"closed","sticky":false,"template":"","format":"standard","meta":{"_acf_changed":false,"_joinchat":[],"footnotes":""},"categories":[368],"tags":[],"class_list":["post-65042","post","type-post","status-publish","format-standard","has-post-thumbnail","hentry","category-les-loisirs"],"acf":[],"_links":{"self":[{"href":"https:\/\/ibizavilla.com\/fr\/wp-json\/wp\/v2\/posts\/65042","targetHints":{"allow":["GET"]}}],"collection":[{"href":"https:\/\/ibizavilla.com\/fr\/wp-json\/wp\/v2\/posts"}],"about":[{"href":"https:\/\/ibizavilla.com\/fr\/wp-json\/wp\/v2\/types\/post"}],"author":[{"embeddable":true,"href":"https:\/\/ibizavilla.com\/fr\/wp-json\/wp\/v2\/users\/9"}],"replies":[{"embeddable":true,"href":"https:\/\/ibizavilla.com\/fr\/wp-json\/wp\/v2\/comments?post=65042"}],"version-history":[{"count":7,"href":"https:\/\/ibizavilla.com\/fr\/wp-json\/wp\/v2\/posts\/65042\/revisions"}],"predecessor-version":[{"id":118514,"href":"https:\/\/ibizavilla.com\/fr\/wp-json\/wp\/v2\/posts\/65042\/revisions\/118514"}],"wp:featuredmedia":[{"embeddable":true,"href":"https:\/\/ibizavilla.com\/fr\/wp-json\/wp\/v2\/media\/65030"}],"wp:attachment":[{"href":"https:\/\/ibizavilla.com\/fr\/wp-json\/wp\/v2\/media?parent=65042"}],"wp:term":[{"taxonomy":"category","embeddable":true,"href":"https:\/\/ibizavilla.com\/fr\/wp-json\/wp\/v2\/categories?post=65042"},{"taxonomy":"post_tag","embeddable":true,"href":"https:\/\/ibizavilla.com\/fr\/wp-json\/wp\/v2\/tags?post=65042"}],"curies":[{"name":"wp","href":"https:\/\/api.w.org\/{rel}","templated":true}]}}