{"id":65655,"date":"2019-08-26T20:17:36","date_gmt":"2019-08-26T18:17:36","guid":{"rendered":"https:\/\/ibizavilla.com\/?p=65655"},"modified":"2025-12-22T10:20:05","modified_gmt":"2025-12-22T09:20:05","slug":"location-villa-confiance-ibiza","status":"publish","type":"post","link":"https:\/\/ibizavilla.com\/fr\/location-villa-confiance-ibiza\/","title":{"rendered":"Mieux nous conna\u00eetre: l&rsquo;Ibiza de Loriane"},"content":{"rendered":"<p><a href=\"https:\/\/ibizavilla.com\/wp-content\/uploads\/2019\/08\/loriane-inside.jpg\"><img loading=\"lazy\" decoding=\"async\" class=\"aligncenter size-full wp-image-65637\" src=\"https:\/\/ibizavilla.com\/wp-content\/uploads\/2019\/08\/loriane-inside.jpg\" alt=\"recomendaciones loriane alquiler seguro villa Ibiza\" width=\"900\" height=\"607\" title=\"\" srcset=\"https:\/\/ibizavilla.com\/wp-content\/uploads\/2019\/08\/loriane-inside.jpg 900w, https:\/\/ibizavilla.com\/wp-content\/uploads\/2019\/08\/loriane-inside-300x202.jpg 300w, https:\/\/ibizavilla.com\/wp-content\/uploads\/2019\/08\/loriane-inside-768x518.jpg 768w\" sizes=\"auto, (max-width: 900px) 100vw, 900px\" \/><\/a><\/p>\n<p>Loriane a voyag\u00e9 depuis les paysages montagneux des Pyr\u00e9n\u00e9es fran\u00e7aises jusqu&rsquo;aux plages et collines d&rsquo;Ibiza et est tomb\u00e9e amoureuse de l&rsquo;\u00eele. Sa passion pour l\u2019\u00eele elle la d\u00e9montre chaque \u00e9t\u00e9 aux clients d&rsquo;Ibiza Villa, qu&rsquo;elle conseille et assiste dans tout ce dont ils peuvent avoir besoin au cours de leur location de villa de confiance \u00e0 Ibiza.<\/p>\n<p>Dipl\u00f4m\u00e9e en tourisme, elle parle fran\u00e7ais, anglais et espagnol et travaille avec enthousiasme pour Ibiza Villa depuis 2008, date \u00e0 laquelle elle est arriv\u00e9e sur l\u2019\u00eele. Cette premi\u00e8re saison sur l&rsquo;\u00eele l&rsquo;a amen\u00e9e \u00e0 vivre ici. Dans cette interview, elle nous raconte son exp\u00e9rience \u00e0 l&rsquo;agence et ses coins pr\u00e9f\u00e9r\u00e9s d&rsquo;Ibiza.<\/p>\n<h2>Loriane et Ibiza Villa<\/h2>\n<p><em><strong>Quand \u00eates-vous venu pour la premi\u00e8re fois \u00e0 Ibiza?<\/strong><\/em><\/p>\n<p>C&rsquo;\u00e9tait en 2006, lors d&rsquo;un voyage de 5 jours avec ma s\u0153ur a\u00een\u00e9e, s\u00e9jour au cours duquel je suis tomb\u00e9e amoureuse de l\u2019\u00eele. \u00c7a n\u2019\u00e9tait que quelques jours mais tr\u00e8s intenses!<\/p>\n<p><em><strong>Qu&rsquo;est-ce que vous avez aim\u00e9 \u00e0 cette \u00e9poque sur l&rsquo;\u00eele?<\/strong><\/em><\/p>\n<p>Ce voyage s&rsquo;est principalement r\u00e9sum\u00e9 \u00e0 f\u00eate et plages.\u00a0Mais quelque chose d&rsquo;autre m&rsquo;a s\u00e9duite: l&rsquo;atmosph\u00e8re g\u00e9n\u00e9rale sur l&rsquo;\u00eele, la tol\u00e9rance des gens, les paysages \u2026\u00a0Et la lumi\u00e8re sur l&rsquo;\u00eele, que j&rsquo;appr\u00e9cie toujours autant \u00e0 chaque fois que je reviens.<\/p>\n<p><em><strong>Quand avez-vous commenc\u00e9 \u00e0 travailler pour Ibiza Villa?<\/strong><\/em><\/p>\n<p>J&rsquo;ai commenc\u00e9 \u00e0 travailler pour l&rsquo;agence en 2008, apr\u00e8s avoir d\u00e9cid\u00e9, avec mes deux s\u0153urs a\u00een\u00e9es, d\u2019aller travailler une saison d\u2019\u00e9t\u00e9 \u00e0 Ibiza.\u00a0\u00c0 notre arriv\u00e9e sur l&rsquo;\u00eele, nous avons trouv\u00e9 une annonce dans le Diario d&rsquo;Ibiza publi\u00e9e par une agence qui recherchait une baby-sitter pour l\u2019un de ses clients en juillet.\u00a0Nous avons appel\u00e9 et &#8230; quelques heures plus tard, nous rencontrions Marie H\u00e9l\u00e8ne pour la premi\u00e8re fois.<\/p>\n<p>J&rsquo;ai commenc\u00e9 par faire du m\u00e9nage pour l\u2019agence et le mois suivant \u00e0 travailler au bureau. Depuis, 12 saisons d\u2019\u00e9t\u00e9 sont pass\u00e9es&#8230; avec toujours la m\u00eame conviction \u00e0 vouloir offrir les <strong>meilleures services pour une location de villa de confiance \u00e0 Ibiza<\/strong>!<\/p>\n<div id=\"attachment_61867\" style=\"width: 815px\" class=\"wp-caption aligncenter\"><a href=\"https:\/\/ibizavilla.com\/wp-content\/uploads\/2019\/04\/can_puig_de_mar_open.jpg\"><img loading=\"lazy\" decoding=\"async\" aria-describedby=\"caption-attachment-61867\" class=\"size-full wp-image-61867\" src=\"https:\/\/ibizavilla.com\/wp-content\/uploads\/2019\/04\/can_puig_de_mar_open.jpg\" alt=\"villas de lujo en Ibiza para 12 personas\" width=\"805\" height=\"455\" title=\"\" srcset=\"https:\/\/ibizavilla.com\/wp-content\/uploads\/2019\/04\/can_puig_de_mar_open.jpg 805w, https:\/\/ibizavilla.com\/wp-content\/uploads\/2019\/04\/can_puig_de_mar_open-300x170.jpg 300w, https:\/\/ibizavilla.com\/wp-content\/uploads\/2019\/04\/can_puig_de_mar_open-768x434.jpg 768w\" sizes=\"auto, (max-width: 805px) 100vw, 805px\" \/><\/a><p id=\"caption-attachment-61867\" class=\"wp-caption-text\">Can Puig de Mar. \u00a9 Ibiza Villa<\/p><\/div>\n<p>&nbsp;<\/p>\n<p><strong><em>Vous devez certainement conna\u00eetre \u00e0 la perfection les villas de votre catalogue, laquelle choisiriez-vous pour des vacances romantiques?<\/em><\/strong><\/p>\n<p><a href=\"https:\/\/ibizavilla.com\/properties\/can-puig-de-mar\/\"><u>Can Puig de Mar<\/u><\/a> pour sa magnifique vue mer. Rien de mieux que d&rsquo;admirer un coucher de soleil depuis son jacuzzi avec une coupe de champagne et des fraises!<\/p>\n<p><em><strong>Et pour profiter d&rsquo;Ibiza dans le silence et l\u2019authenticit\u00e9?<\/strong><\/em><\/p>\n<p><a href=\"https:\/\/ibizavilla.com\/fr\/locations\/\"><u>Can Basso<\/u><\/a> ou <u>Casa Petita<\/u>, deux fincas traditionnelles d\u2019Ibiza situ\u00e9es au milieu de la campagne dans un silence plus qu&rsquo;appr\u00e9ciable.<\/p>\n<p><em><strong>Laquelle r\u00eaveriez-vous d&rsquo;acheter?<\/strong><\/em><\/p>\n<p>Can Julio pour son emplacement au sommet d\u2019une colline dans la r\u00e9gion d\u2019Es Cubells, sans voisinage, et avec une vue mer \u00e0 couper le souffle.<\/p>\n<div id=\"attachment_61302\" style=\"width: 919px\" class=\"wp-caption aligncenter\"><a href=\"https:\/\/ibizavilla.com\/wp-content\/uploads\/2019\/04\/iv-can-julio-aisladas.jpg\"><img loading=\"lazy\" decoding=\"async\" aria-describedby=\"caption-attachment-61302\" class=\"size-full wp-image-61302\" src=\"https:\/\/ibizavilla.com\/wp-content\/uploads\/2019\/04\/iv-can-julio-aisladas.jpg\" alt=\"Can Julio es una de nuestras villas m\u0087s ailsadas en Ibiza - secluded villas in Ibiza - Ibiza Villa\" width=\"909\" height=\"600\" title=\"\" srcset=\"https:\/\/ibizavilla.com\/wp-content\/uploads\/2019\/04\/iv-can-julio-aisladas.jpg 909w, https:\/\/ibizavilla.com\/wp-content\/uploads\/2019\/04\/iv-can-julio-aisladas-300x198.jpg 300w, https:\/\/ibizavilla.com\/wp-content\/uploads\/2019\/04\/iv-can-julio-aisladas-768x507.jpg 768w\" sizes=\"auto, (max-width: 909px) 100vw, 909px\" \/><\/a><p id=\"caption-attachment-61302\" class=\"wp-caption-text\">Can Julio &#8211; Ibiza Villa<\/p><\/div>\n<p>&nbsp;<\/p>\n<p><em><strong>Qu&rsquo;aimez-vous le plus dans votre travail?<\/strong><\/em><\/p>\n<p>Le contact avec les gens. Chaque jour, j&rsquo;aide de nouvelles personnes qui viennent \u00e0 Ibiza \u00e0 prendre du bon temps et \u00e0 se d\u00e9tendre tout en d\u00e9couvrant les joyaux de l&rsquo;\u00eele. Ma mission principale et que les clients soient bien et qu\u2019ils profitent \u00e0 100% de leur s\u00e9jour. J\u2019appr\u00e9cie <strong>le moment du check-in \u00e0 la villa<\/strong>, lorsque je leur explique la maison et leur recommande ensuite les meilleurs endroits pour profiter d&rsquo;une journ\u00e9e \u00e0 la plage, o\u00f9 sortir, o\u00f9 manger, o\u00f9 acheter des l\u00e9gumes frais, etc.<\/p>\n<p><em><strong>Quels sont les trois conseils que vous donnez toujours pour une <\/strong><strong>location de villa de confiance \u00e0 Ibiza?<\/strong><\/em><\/p>\n<p><strong>Le premier: v\u00e9rifier l&rsquo;existence du loueur avant de payer<\/strong>; en effet, nous recevons chaque ann\u00e9e des appels de clients victimes d\u2019escroqueries sur diff\u00e9rents sites web. Ils arrivent \u00e0 Ibiza et se retrouvent sans logement ; et dans certains cas, ils ont d\u00e9j\u00e0 pay\u00e9 la location dans son int\u00e9gralit\u00e9. Et en plein \u00e9t\u00e9, il est presque impossible de trouver une maison pour le jour m\u00eame \u00e0 Ibiza!<\/p>\n<p><strong>Le second<\/strong>: assurez-vous que l<strong>a zone dans laquelle la maison est situ\u00e9e correspond aux attentes du groupe<\/strong>. Par exemple: si vous envisagez de faire la f\u00eate tous les soirs, ne louez pas une maison \u00e0 San Miguel, car vous aurez \u00e0 chaque fois 45 minutes de trajet (aller et retour!!). Et inversement: une famille \u00e0 la recherche de tranquillit\u00e9 ne devrait pas louer une maison \u00e0 San Antonio ou \u00e0 Playa den Bossa car ce ne sont pas des endroits adapt\u00e9s aux enfants.<\/p>\n<p>Et <strong>le troisi\u00e8me<\/strong>: faites une liste de tous les besoins du groupe et contactez l&rsquo;agence \u00e0 l&rsquo;avance pour <strong>anticiper toutes sortes de services <\/strong>dont vous pourriez avoir besoin : location de voiture, location de bateau, baby-sitter, chef \u00e0 domicile, massages, etc.\u00a0En effet, ces types de services sont g\u00e9n\u00e9ralement r\u00e9serv\u00e9s plusieurs mois avant l&rsquo;arriv\u00e9e afin de garantir leur disponibilit\u00e9. Trouver une baby sitter le jour de l&rsquo;arriv\u00e9e est impossible!<\/p>\n<p>En bref, pour trouver une location de villa de confiance \u00e0 Ibiza, le mieux est de <strong>r\u00e9server par notre interm\u00e9diaire<\/strong>, vous serez <a href=\"https:\/\/ibizavilla.com\/fr\/conseils-location-securisee-villas-ibiza\/\">certains d&rsquo;\u00e9viter tout type d&rsquo;escroqueries<\/a> et vous aurez droit \u00e0 de bons conseils et \u00e0 d&rsquo;excellents services.<\/p>\n<p><a href=\"https:\/\/ibizavilla.com\/wp-content\/uploads\/2019\/04\/nueva-web-villas.jpg\"><img loading=\"lazy\" decoding=\"async\" class=\"aligncenter wp-image-60521 size-full\" src=\"https:\/\/ibizavilla.com\/wp-content\/uploads\/2019\/04\/nueva-web-villas.jpg\" alt=\"location de villa de confiance \u00e0 Ibiza\" width=\"909\" height=\"600\" title=\"\" srcset=\"https:\/\/ibizavilla.com\/wp-content\/uploads\/2019\/04\/nueva-web-villas.jpg 909w, https:\/\/ibizavilla.com\/wp-content\/uploads\/2019\/04\/nueva-web-villas-300x198.jpg 300w, https:\/\/ibizavilla.com\/wp-content\/uploads\/2019\/04\/nueva-web-villas-768x507.jpg 768w\" sizes=\"auto, (max-width: 909px) 100vw, 909px\" \/><\/a><\/p>\n<p>&nbsp;<\/p>\n<h2><strong>Loriane et Ibiza<\/strong><\/h2>\n<p><em><strong>Quelle est votre plage ou crique pr\u00e9f\u00e9r\u00e9e \u00e0 Ibiza?<\/strong><\/em><\/p>\n<p>Cala Bassa pour son paysage et ses eaux! Mais il faut arriver t\u00f4t et ne pas \u00eatre allergique \u00e0 la foule (rires)<\/p>\n<p><em><strong>Et votre bar de plage?<\/strong><\/em><\/p>\n<p>J&rsquo;aime l&rsquo;ambiance du <a href=\"https:\/\/www.tropicanaibiza.com\/\" target=\"_blank\" rel=\"noopener\">Tropicana<\/a>, \u00e0 Cala Jondal, m\u00eame si c\u2019est une plage de galets\u2026 je pr\u00e9f\u00e8re le sable!<\/p>\n<p><em><strong>En \u00e9t\u00e9, vous aimez toujours&#8230;<\/strong><\/em><\/p>\n<p>Faire le tour des criques de l&rsquo;\u00eele en bateau et terminer par le coucher de soleil face \u00e0 Es Vedra.<\/p>\n<p><a href=\"https:\/\/ibizavilla.com\/wp-content\/uploads\/2019\/08\/loriane-beach.jpg\"><img loading=\"lazy\" decoding=\"async\" class=\"aligncenter size-full wp-image-65632\" src=\"https:\/\/ibizavilla.com\/wp-content\/uploads\/2019\/08\/loriane-beach.jpg\" alt=\"\" width=\"900\" height=\"607\" title=\"\" srcset=\"https:\/\/ibizavilla.com\/wp-content\/uploads\/2019\/08\/loriane-beach.jpg 900w, https:\/\/ibizavilla.com\/wp-content\/uploads\/2019\/08\/loriane-beach-300x202.jpg 300w, https:\/\/ibizavilla.com\/wp-content\/uploads\/2019\/08\/loriane-beach-768x518.jpg 768w\" sizes=\"auto, (max-width: 900px) 100vw, 900px\" \/><\/a><br \/>\n<em><strong>Et en hiver &#8230;<\/strong><\/em><\/p>\n<p>Profitez de l&rsquo;\u00eele silencieuse, des amandiers en fleurs de Santa In\u00e9s, me promener dans les march\u00e9s locaux&#8230;<\/p>\n<p><em><strong>Si vous deviez offrir un souvenir d&rsquo;Ibiza, que choisiriez-vous entre les options suivantes:<\/strong><\/em><\/p>\n<ul>\n<li>Une sobrasada ou un fromage de brebis au romarin ou au paprika?: un fromage de brebis sans aucun doute!<\/li>\n<li>Une bouteille d&rsquo;herbes d&rsquo;Ibiza ou Ensaimada?: une bouteille d&rsquo;herbes, mais faite maison si possible!<\/li>\n<li>Un g\u00e2teau \u00ab\u00a0fla\u00f3\u00a0\u00bb ou un sac \u00ab\u00a0d&rsquo;orellettes\u00a0\u00bb? Un g\u00e2teau \u00ab\u00a0fla\u00f3\u00a0\u00bb, j\u2019adore!<\/li>\n<li>Un panier typique ou une robe Adlib? Un panier typique de l&rsquo;\u00eele !! Tellement pratique!<\/li>\n<\/ul>\n<p><em><strong>Quelles sont les 5 visites essentielles que vous recommandez \u00e0 vos clients?<\/strong><\/em><\/p>\n<ul>\n<li>Une balade dans Dalt Vila, sans aucun doute!<\/li>\n<li>San Juan et son march\u00e9 du dimanche.<\/li>\n<li>Une promenade le long de la c\u00f4te est de l&rsquo;\u00eele, de la plage d&rsquo;Es Niu Blau \u00e0 Es Canar.<\/li>\n<li>Un coucher de soleil \u00e0 Es Vedr\u00e0, bien qu\u2019aujourd\u2019hui il y ait tellement de monde que \u00e7a n\u2019est plus aussi magique qu\u2019auparavant.<\/li>\n<li>Pour le cinqui\u00e8me &#8230; Contactez-moi et je vous direz (Rires)<\/li>\n<\/ul>\n<p><em><strong>\u00a0<\/strong><\/em><\/p>\n<p><a href=\"https:\/\/ibizavilla.com\/wp-content\/uploads\/2019\/08\/loriane-es-vedra.jpg\"><img loading=\"lazy\" decoding=\"async\" class=\"aligncenter wp-image-65627 size-full\" src=\"https:\/\/ibizavilla.com\/wp-content\/uploads\/2019\/08\/loriane-es-vedra.jpg\" alt=\"location de villa de confiance \u00e0 Ibiza\" width=\"900\" height=\"607\" title=\"\" srcset=\"https:\/\/ibizavilla.com\/wp-content\/uploads\/2019\/08\/loriane-es-vedra.jpg 900w, https:\/\/ibizavilla.com\/wp-content\/uploads\/2019\/08\/loriane-es-vedra-300x202.jpg 300w, https:\/\/ibizavilla.com\/wp-content\/uploads\/2019\/08\/loriane-es-vedra-768x518.jpg 768w\" sizes=\"auto, (max-width: 900px) 100vw, 900px\" \/><\/a><br \/>\n<em><strong>Et les trois restaurants qu\u2019on ne doit pas manquer en vacances \u00e0 Ibiza?<\/strong><\/em><\/p>\n<ul>\n<li>Es Boldad\u00f3, pour son emplacement face \u00e0 Es Vedra et pour ses paellas!<\/li>\n<li>Amante beach club, superbe endroit et plats de qualit\u00e9!<\/li>\n<li>Can Berri Vell, pour un voyage dans le temps.<\/li>\n<\/ul>\n<p><em><strong>Enfin, avec quels mots d\u00e9finiriez-vous Ibiza?<\/strong><\/em><\/p>\n<p>Beaut\u00e9, simplicit\u00e9 et authenticit\u00e9.<\/p>\n<p style=\"text-align: center\">***<\/p>\n<p>&nbsp;<\/p>\n","protected":false},"excerpt":{"rendered":"<p>Loriane a voyag\u00e9 depuis les paysages montagneux des Pyr\u00e9n\u00e9es fran\u00e7aises jusqu&rsquo;aux plages et collines d&rsquo;Ibiza et est tomb\u00e9e amoureuse de l&rsquo;\u00eele. Sa passion pour l\u2019\u00eele elle la d\u00e9montre chaque \u00e9t\u00e9 aux clients d&rsquo;Ibiza Villa, qu&rsquo;elle conseille et assiste dans tout ce dont ils peuvent avoir besoin au cours de leur location de villa de confiance &#8230;<\/p>\n","protected":false},"author":9,"featured_media":65644,"comment_status":"closed","ping_status":"closed","sticky":false,"template":"","format":"standard","meta":{"_acf_changed":false,"_joinchat":[],"footnotes":""},"categories":[373],"tags":[540],"class_list":["post-65655","post","type-post","status-publish","format-standard","has-post-thumbnail","hentry","category-les-services","tag-ibiza-villa-en-fr"],"acf":[],"_links":{"self":[{"href":"https:\/\/ibizavilla.com\/fr\/wp-json\/wp\/v2\/posts\/65655","targetHints":{"allow":["GET"]}}],"collection":[{"href":"https:\/\/ibizavilla.com\/fr\/wp-json\/wp\/v2\/posts"}],"about":[{"href":"https:\/\/ibizavilla.com\/fr\/wp-json\/wp\/v2\/types\/post"}],"author":[{"embeddable":true,"href":"https:\/\/ibizavilla.com\/fr\/wp-json\/wp\/v2\/users\/9"}],"replies":[{"embeddable":true,"href":"https:\/\/ibizavilla.com\/fr\/wp-json\/wp\/v2\/comments?post=65655"}],"version-history":[{"count":5,"href":"https:\/\/ibizavilla.com\/fr\/wp-json\/wp\/v2\/posts\/65655\/revisions"}],"predecessor-version":[{"id":118529,"href":"https:\/\/ibizavilla.com\/fr\/wp-json\/wp\/v2\/posts\/65655\/revisions\/118529"}],"wp:featuredmedia":[{"embeddable":true,"href":"https:\/\/ibizavilla.com\/fr\/wp-json\/wp\/v2\/media\/65644"}],"wp:attachment":[{"href":"https:\/\/ibizavilla.com\/fr\/wp-json\/wp\/v2\/media?parent=65655"}],"wp:term":[{"taxonomy":"category","embeddable":true,"href":"https:\/\/ibizavilla.com\/fr\/wp-json\/wp\/v2\/categories?post=65655"},{"taxonomy":"post_tag","embeddable":true,"href":"https:\/\/ibizavilla.com\/fr\/wp-json\/wp\/v2\/tags?post=65655"}],"curies":[{"name":"wp","href":"https:\/\/api.w.org\/{rel}","templated":true}]}}