{"id":72083,"date":"2020-02-29T18:51:21","date_gmt":"2020-02-29T16:51:21","guid":{"rendered":"https:\/\/ibizavilla.com\/?p=72083"},"modified":"2020-02-29T19:06:53","modified_gmt":"2020-02-29T17:06:53","slug":"ilot-d-es-vedra","status":"publish","type":"post","link":"https:\/\/ibizavilla.com\/fr\/ilot-d-es-vedra\/","title":{"rendered":"Ilot d&rsquo;Es Vedra"},"content":{"rendered":"<p><a href=\"https:\/\/ibizavilla.com\/wp-content\/uploads\/2020\/02\/ibiza-villa-es-vedr\u00e0-island.jpg\"><img loading=\"lazy\" decoding=\"async\" class=\"size-large wp-image-72026\" src=\"https:\/\/ibizavilla.com\/wp-content\/uploads\/2020\/02\/ibiza-villa-es-vedr\u00e0-island-1024x680.jpg\" alt=\"ibiza villa es vedr\u00e0 island\" width=\"1024\" height=\"680\" title=\"\" srcset=\"https:\/\/ibizavilla.com\/wp-content\/uploads\/2020\/02\/ibiza-villa-es-vedr\u00e0-island-1024x680.jpg 1024w, https:\/\/ibizavilla.com\/wp-content\/uploads\/2020\/02\/ibiza-villa-es-vedr\u00e0-island-300x199.jpg 300w, https:\/\/ibizavilla.com\/wp-content\/uploads\/2020\/02\/ibiza-villa-es-vedr\u00e0-island-768x510.jpg 768w, https:\/\/ibizavilla.com\/wp-content\/uploads\/2020\/02\/ibiza-villa-es-vedr\u00e0-island-240x160.jpg 240w, https:\/\/ibizavilla.com\/wp-content\/uploads\/2020\/02\/ibiza-villa-es-vedr\u00e0-island.jpg 1280w\" sizes=\"auto, (max-width: 1024px) 100vw, 1024px\" \/><\/a><\/p>\n<h2 style=\"text-align: center;\">Ilot d&rsquo;<strong>Es Vedr\u00e0 <\/strong>racont\u00e9e par Ibiza Villa<\/h2>\n<p><strong>L\u2019\u00eelot d\u2019Es Vedr\u00e0, situ\u00e9 au sud-ouest d\u2019Ibiza<\/strong>, en face de Cala d\u2019hort, dans la municipalit\u00e9 de Sant Josep de Sa Talaia, est l&rsquo;un des lieux <strong>touristiques favoris<\/strong>.<\/p>\n<p>Cette petite \u00eele est d\u2019une <strong>grande valeur \u00e9cologique<\/strong> puisqu\u2019elle est reconnue comme r\u00e9serve naturelle depuis 2002 dans le cadre de l&rsquo;ensemble du Parc de Cala d&rsquo;Hort et <strong>Es Vedr\u00e0<\/strong>,<\/p>\n<p>compos\u00e9 des \u00eelots d&rsquo;Es Vedr\u00e0, Es Vedranell et les Es Illots de Ponent. Curieusement, il <strong>appartient<\/strong> \u00e0 une <strong>trentaine de familles.<\/strong><\/p>\n<h3>Ibiza Villa propose une s\u00e9lection de villas de luxe avec une vue imprenable, <span style=\"color: #3366ff;\"><a style=\"color: #3366ff;\" href=\"https:\/\/ibizavilla.com\/fr\/contact\/\">contact<\/a><\/span> pour plus d&rsquo;informations ou r\u00e9servations, nous sommes l\u00e0 pour vous!!<\/h3>\n<p>Ces derni\u00e8res ann\u00e9es, de nombreuses personnes ont attribu\u00e9 \u00e0 ce morceau de <strong>terre d&rsquo;importantes<\/strong> propri\u00e9t\u00e9s magiques d&rsquo;accumulation<strong> d&rsquo;\u00e9nergie<\/strong> et de pouvoirs sp\u00e9ciaux.<\/p>\n<p>Il y en a beaucoup qui pr\u00e9tendent <strong>avoir vu des ovnis et des lumi\u00e8res<\/strong> myst\u00e9rieuses survoler l&rsquo;\u00eelot.<\/p>\n<p><strong>Certains livres recueillent des<\/strong> t\u00e9moignages de p\u00eacheurs qui affirment <strong>avoir vu des lumi\u00e8res<\/strong> entrer et sortir de l&rsquo;eau et qui sont <strong>m\u00eame arriv\u00e9es sous<\/strong> leurs bateaux.<\/p>\n<p><a href=\"https:\/\/ibizavilla.com\/wp-content\/uploads\/2020\/02\/es-vedr\u00e0-island-ibiza-villa.jpg\"><img loading=\"lazy\" decoding=\"async\" class=\"size-large wp-image-72030\" src=\"https:\/\/ibizavilla.com\/wp-content\/uploads\/2020\/02\/es-vedr\u00e0-island-ibiza-villa-1024x626.jpg\" alt=\"es vedr\u00e0 island ibiza villa\" width=\"1024\" height=\"626\" title=\"\" srcset=\"https:\/\/ibizavilla.com\/wp-content\/uploads\/2020\/02\/es-vedr\u00e0-island-ibiza-villa-1024x626.jpg 1024w, https:\/\/ibizavilla.com\/wp-content\/uploads\/2020\/02\/es-vedr\u00e0-island-ibiza-villa-300x183.jpg 300w, https:\/\/ibizavilla.com\/wp-content\/uploads\/2020\/02\/es-vedr\u00e0-island-ibiza-villa-768x469.jpg 768w, https:\/\/ibizavilla.com\/wp-content\/uploads\/2020\/02\/es-vedr\u00e0-island-ibiza-villa.jpg 1280w\" sizes=\"auto, (max-width: 1024px) 100vw, 1024px\" \/><\/a><\/p>\n<p>On a m\u00eame parl\u00e9 du <strong>\u00ab\u00a0Triangle des Bermudes\u00a0\u00bb<\/strong> m\u00e9diterran\u00e9en, dans ce cas accompagn\u00e9 de la c\u00f4te sud-ouest de Majorque et du Pe\u00f1\u00f3n de Ifach \u00e0 Alicante.<\/p>\n<p>En effet, <strong>c&rsquo;est dans cette zone<\/strong> que s\u2019est produit le \u00ab\u00a0caso Manises\u00a0\u00bb en <strong>1979<\/strong> lorsqu&rsquo;un avion commercial pr\u00e9tendument poursuivi par un <strong>OVNI<\/strong> a d\u00fb effectuer un atterrissage forc\u00e9.<\/p>\n<p>Les r\u00e9sidents de <strong>l&rsquo;\u00eele ne doutent pas<\/strong> de la puissante attraction du lieu, mais commentent avec humour que le <strong>reste n&rsquo;est peut-\u00eatre<\/strong> d\u00fb qu&rsquo;aux \u00ab\u00a0voyages\u00a0\u00bb hallucinog\u00e8nes des <strong>hippies<\/strong>.<\/p>\n<p>En tout cas, ce qui est incontestable, c&rsquo;est sa haute <strong>valeur \u00e9cologique<\/strong> gr\u00e2ce \u00e0 sa grande vari\u00e9t\u00e9 d&rsquo;esp\u00e8ces end\u00e9miques, uniques et autochtones.<\/p>\n<p><strong>Il convient \u00e9galement de<\/strong> noter qu&rsquo;il s&rsquo;agit d&rsquo;un site de reproduction important <strong>pour les oiseaux<\/strong> de mer et les rapaces et une <strong>r\u00e9serve naturelle<\/strong> de faune marine.<\/p>\n<p><strong>Puisqu&rsquo;aucun type<\/strong> de construction ou <strong>d&rsquo;activit\u00e9 \u00e9conomique<\/strong> ne peut \u00eatre r\u00e9alis\u00e9, cette petite \u00eele \u00e9tait depuis longtemps le foyer d&rsquo;une importante colonie de ch\u00e8vres,<\/p>\n<p>aujourd&rsquo;hui disparue et qui <strong>fait d\u00e9sormais partie<\/strong> de la l\u00e9gende, bien que son existence soit plus que prouv\u00e9e.<\/p>\n<h3>\u00bfQuieres alquilar un barco y vender la isla de es vedra? Llama a <span style=\"color: #3366ff;\"><a style=\"color: #3366ff;\" href=\"https:\/\/ibizavilla.com\/es\/\">Ibiza Villa<\/a><\/span> y reserva uno de nuestros servicios.<\/h3>\n<p><a href=\"https:\/\/ibizavilla.com\/wp-content\/uploads\/2020\/02\/island-es-vedr\u00e0-ibiza-villa.jpg\"><img loading=\"lazy\" decoding=\"async\" class=\"size-large wp-image-72022\" src=\"https:\/\/ibizavilla.com\/wp-content\/uploads\/2020\/02\/island-es-vedr\u00e0-ibiza-villa-1024x682.jpg\" alt=\"island es vedr\u00e0 ibiza villa\" width=\"1024\" height=\"682\" title=\"\" srcset=\"https:\/\/ibizavilla.com\/wp-content\/uploads\/2020\/02\/island-es-vedr\u00e0-ibiza-villa-1024x682.jpg 1024w, https:\/\/ibizavilla.com\/wp-content\/uploads\/2020\/02\/island-es-vedr\u00e0-ibiza-villa-300x200.jpg 300w, https:\/\/ibizavilla.com\/wp-content\/uploads\/2020\/02\/island-es-vedr\u00e0-ibiza-villa-768x512.jpg 768w, https:\/\/ibizavilla.com\/wp-content\/uploads\/2020\/02\/island-es-vedr\u00e0-ibiza-villa-240x160.jpg 240w, https:\/\/ibizavilla.com\/wp-content\/uploads\/2020\/02\/island-es-vedr\u00e0-ibiza-villa.jpg 1280w\" sizes=\"auto, (max-width: 1024px) 100vw, 1024px\" \/><\/a><\/p>\n<p>Sa <strong>forme pyramidale<\/strong> et sa grande taille de <strong>382 m\u00e8tres<\/strong> au-dessus de la mer font de cet \u00eelot quelque chose de f<strong>acilement visible et reconnaissable<\/strong> dans de nombreuses parties d&rsquo;Ibiza,<\/p>\n<p><span style=\"color: #3366ff;\"><a style=\"color: #3366ff;\" href=\"https:\/\/www.formentera.es\/fr\/\" target=\"_blank\" rel=\"noopener noreferrer\"><strong>Formentera<\/strong><\/a><\/span> et certains jours particuli\u00e8rement clairs, de la p\u00e9ninsule ib\u00e9rique elle-m\u00eame. Certains des endroits d&rsquo;o\u00f9 cet \u00eelot est visible sont:<\/p>\n<ul>\n<li><strong>Cala d\u2019Hort<\/strong><\/li>\n<li><strong>Tour d&rsquo;Es Savinar<\/strong><\/li>\n<li><strong>Points de vue d&rsquo;Es Vedr\u00e0<\/strong><\/li>\n<li><strong>Cap Llentrisca<\/strong><\/li>\n<\/ul>\n<p>Et maintenant, la grande question est: <strong>est-il possible de visiter Es Vedr\u00e0?<\/strong> Malheureusement, cela <strong>est totalement interdit<\/strong> et des permis sp\u00e9ciaux ne sont accord\u00e9s que dans certaines circonstances.<\/p>\n<p><strong>Nous, Ibiza Villa<\/strong>, recommandons fortement la location <strong>d&rsquo;un bateau pour observer<\/strong> ce petit \u00eelot depuis la mer en parcourant plus de <strong>quatre kilom\u00e8tres de p\u00e9rim\u00e8tre.<\/strong><\/p>\n","protected":false},"excerpt":{"rendered":"<p>Ilot d&rsquo;Es Vedr\u00e0 racont\u00e9e par Ibiza Villa L\u2019\u00eelot d\u2019Es Vedr\u00e0, situ\u00e9 au sud-ouest d\u2019Ibiza, en face de Cala d\u2019hort, dans la municipalit\u00e9 de Sant Josep de Sa Talaia, est l&rsquo;un des lieux touristiques favoris. Cette petite \u00eele est d\u2019une grande valeur \u00e9cologique puisqu\u2019elle est reconnue comme r\u00e9serve naturelle depuis 2002 dans le cadre de l&rsquo;ensemble &#8230;<\/p>\n","protected":false},"author":9,"featured_media":72027,"comment_status":"open","ping_status":"open","sticky":false,"template":"","format":"standard","meta":{"_acf_changed":false,"_joinchat":[],"footnotes":""},"categories":[987,989],"tags":[541],"class_list":["post-72083","post","type-post","status-publish","format-standard","has-post-thumbnail","hentry","category-curiosity-fr","category-ibiza-fr","tag-luxury-ibiza-fr"],"acf":[],"_links":{"self":[{"href":"https:\/\/ibizavilla.com\/fr\/wp-json\/wp\/v2\/posts\/72083","targetHints":{"allow":["GET"]}}],"collection":[{"href":"https:\/\/ibizavilla.com\/fr\/wp-json\/wp\/v2\/posts"}],"about":[{"href":"https:\/\/ibizavilla.com\/fr\/wp-json\/wp\/v2\/types\/post"}],"author":[{"embeddable":true,"href":"https:\/\/ibizavilla.com\/fr\/wp-json\/wp\/v2\/users\/9"}],"replies":[{"embeddable":true,"href":"https:\/\/ibizavilla.com\/fr\/wp-json\/wp\/v2\/comments?post=72083"}],"version-history":[{"count":0,"href":"https:\/\/ibizavilla.com\/fr\/wp-json\/wp\/v2\/posts\/72083\/revisions"}],"wp:featuredmedia":[{"embeddable":true,"href":"https:\/\/ibizavilla.com\/fr\/wp-json\/wp\/v2\/media\/72027"}],"wp:attachment":[{"href":"https:\/\/ibizavilla.com\/fr\/wp-json\/wp\/v2\/media?parent=72083"}],"wp:term":[{"taxonomy":"category","embeddable":true,"href":"https:\/\/ibizavilla.com\/fr\/wp-json\/wp\/v2\/categories?post=72083"},{"taxonomy":"post_tag","embeddable":true,"href":"https:\/\/ibizavilla.com\/fr\/wp-json\/wp\/v2\/tags?post=72083"}],"curies":[{"name":"wp","href":"https:\/\/api.w.org\/{rel}","templated":true}]}}