{"id":72524,"date":"2020-03-10T23:19:45","date_gmt":"2020-03-10T21:19:45","guid":{"rendered":"https:\/\/ibizavilla.com\/?p=72524"},"modified":"2020-03-10T23:42:12","modified_gmt":"2020-03-10T21:42:12","slug":"les-phares-d-ibiza","status":"publish","type":"post","link":"https:\/\/ibizavilla.com\/fr\/les-phares-d-ibiza\/","title":{"rendered":"Les Phares d&rsquo;Ibiza"},"content":{"rendered":"<p><a href=\"https:\/\/ibizavilla.com\/wp-content\/uploads\/2020\/03\/ibiza-villa-faro.jpg\"><img loading=\"lazy\" decoding=\"async\" class=\"size-large wp-image-72490\" src=\"https:\/\/ibizavilla.com\/wp-content\/uploads\/2020\/03\/ibiza-villa-faro-1024x682.jpg\" alt=\"ibiza villa faro\" width=\"1024\" height=\"682\" title=\"\" srcset=\"https:\/\/ibizavilla.com\/wp-content\/uploads\/2020\/03\/ibiza-villa-faro-1024x682.jpg 1024w, https:\/\/ibizavilla.com\/wp-content\/uploads\/2020\/03\/ibiza-villa-faro-300x200.jpg 300w, https:\/\/ibizavilla.com\/wp-content\/uploads\/2020\/03\/ibiza-villa-faro-768x512.jpg 768w, https:\/\/ibizavilla.com\/wp-content\/uploads\/2020\/03\/ibiza-villa-faro-240x160.jpg 240w, https:\/\/ibizavilla.com\/wp-content\/uploads\/2020\/03\/ibiza-villa-faro.jpg 1280w\" sizes=\"auto, (max-width: 1024px) 100vw, 1024px\" \/><\/a><\/p>\n<h1 style=\"text-align: center;\">les dix phares d&rsquo;ibiza racont\u00e9s par Ibiza Villa<\/h1>\n<p><strong>Les phares d&rsquo;Ibiza<\/strong> racontent chacun leur histoire. Si vous <strong>voulez profiter d&rsquo;une<\/strong> activit\u00e9 diff\u00e9rente de ce que l&rsquo;\u00eele vous propose <strong>habituellement<\/strong>, voici votre article.<\/p>\n<p>Les phares, depuis <strong>l&rsquo;Antiquit\u00e9, ont servi de guide aux marins<\/strong> lorsqu&rsquo;ils se sont approch\u00e9s de la c\u00f4te. <strong>A Ibiza<\/strong>, nous trouvons diff\u00e9rents types de phares,<\/p>\n<p>pas tous accessibles depuis la terre, <strong>dont certains peuvent \u00eatre visit\u00e9s<\/strong> en suivant de magnifiques routes. <strong>La plupart des phares<\/strong> servaient, en leur temps, de refuge aux gardiens <strong>de phare<\/strong>.<\/p>\n<p>Ce travail exigeait <strong>beaucoup de sacrifices<\/strong> car, dans la plupart des cas, le <strong>gardien<\/strong> \u00e9tait s\u00e9par\u00e9 de la famille et des autres en g\u00e9n\u00e9ral.<\/p>\n<p>Au fil du temps, <strong>tous se sont \u00e9quip\u00e9s<\/strong> de syst\u00e8mes d&rsquo;\u00e9clairage et de <strong>contr\u00f4le automatiques<\/strong> plus <strong>modernes<\/strong> ne n\u00e9cessitant plus de pr\u00e9sence physique.<\/p>\n<p>Ils conservent <strong>n\u00e9anmoins le charme<\/strong> des structures anciennes situ\u00e9es dans les plus <strong>belles enclaves de l&rsquo;\u00eele.<\/strong><\/p>\n<h2>Vous voulez visiter les phares d&rsquo;Ibiza? Vous souhaitez r\u00e9server une villa de luxe \u00e0 Ibiza et vous ne savez pas comment? Nous voici, nous sommes l\u00e0 pour vous, <span style=\"color: #3366ff;\"><a style=\"color: #3366ff;\" href=\"https:\/\/ibizavilla.com\/fr\/contact\/\">contactez-nous<\/a><\/span>!!<\/h2>\n<p><a href=\"https:\/\/ibizavilla.com\/wp-content\/uploads\/2020\/03\/faros-ibiza-villa.jpg\"><img loading=\"lazy\" decoding=\"async\" class=\"size-large wp-image-72494\" src=\"https:\/\/ibizavilla.com\/wp-content\/uploads\/2020\/03\/faros-ibiza-villa-1024x576.jpg\" alt=\"faros ibiza villa\" width=\"1024\" height=\"576\" title=\"\" srcset=\"https:\/\/ibizavilla.com\/wp-content\/uploads\/2020\/03\/faros-ibiza-villa-1024x576.jpg 1024w, https:\/\/ibizavilla.com\/wp-content\/uploads\/2020\/03\/faros-ibiza-villa-300x169.jpg 300w, https:\/\/ibizavilla.com\/wp-content\/uploads\/2020\/03\/faros-ibiza-villa-768x432.jpg 768w, https:\/\/ibizavilla.com\/wp-content\/uploads\/2020\/03\/faros-ibiza-villa-805x453.jpg 805w, https:\/\/ibizavilla.com\/wp-content\/uploads\/2020\/03\/faros-ibiza-villa.jpg 1364w\" sizes=\"auto, (max-width: 1024px) 100vw, 1024px\" \/><\/a><\/p>\n<p><strong>Phare de Botafoc, Ibiza<\/strong><br \/>\n<strong>Ouvert en 1861<\/strong>, situ\u00e9 au bout de la promenade d&rsquo;Ibiza. Ce phare a \u00e9t\u00e9 l&rsquo;un des <strong>premiers \u00e0 abriter<\/strong> des gardiens de phare sur deux \u00e9tages.<\/p>\n<p><strong>Phare du port d&rsquo;Ibiza<\/strong><br \/>\n<strong>Situ\u00e9 au bout du <span style=\"color: #3366ff;\"><a style=\"color: #3366ff;\" href=\"http:\/\/www.portsdebalears.com\/es\/eivissa\" target=\"_blank\" rel=\"noopener noreferrer\">port<\/a><\/span>,<\/strong> c&rsquo;est aujourd&rsquo;hui un phare dont le r\u00f4le est plut\u00f4t de saluer tous les visiteurs de l&rsquo;\u00eele.<\/p>\n<p><strong>Phare Des Penjats, Ibiza<\/strong><br \/>\nSitu\u00e9 dans <strong>l&rsquo;Illa des Penjats,<\/strong> il a \u00e9t\u00e9 construit en raison du danger de la zone pour les marins.<br \/>\nInaugur\u00e9 en<strong> 1856<\/strong>, il a subit plusieurs modifications. <strong>Accessible uniquement par la mer.<\/strong><\/p>\n<p><strong>Phare de Punta Grossa, San Juan<\/strong><br \/>\nProjet d&rsquo;Emili <strong>Pou entour\u00e9 de pol\u00e9miques<\/strong> lors de sa construction qui n&rsquo;a pas \u00e9t\u00e9 facile en raison de sa situation g\u00e9ographique compliqu\u00e9e car les mat\u00e9riaux devaient \u00eatre transport\u00e9s par mer.<\/p>\n<p>A cela, s&rsquo;est rajout\u00e9 le fait que les <strong>mat\u00e9riaux initialement choisis<\/strong> \u00e9taient de mauvaise qualit\u00e9 et ont du \u00eatre remplac\u00e9s.<\/p>\n<p><strong>Le phare a finalement \u00e9t\u00e9 ouvert en 1870<\/strong>, mais \u00e0 l&rsquo;\u00e9poque, il \u00e9tait clair que son emplacement n&rsquo;\u00e9tait pas le plus appropri\u00e9 et le phare de<strong> Tagomago<\/strong> a alors \u00e9t\u00e9 construit.<\/p>\n<p>Il a cess\u00e9 de <strong>fonctionner en 1916<\/strong> et est aujourd&rsquo;hui <strong>compl\u00e8tement abandonn\u00e9.<\/strong><\/p>\n<p><a href=\"https:\/\/ibizavilla.com\/wp-content\/uploads\/2020\/03\/faro-ibiza-villa.jpg\"><img loading=\"lazy\" decoding=\"async\" class=\"size-large wp-image-72486\" src=\"https:\/\/ibizavilla.com\/wp-content\/uploads\/2020\/03\/faro-ibiza-villa-1024x768.jpg\" alt=\"faro ibiza villa\" width=\"1024\" height=\"768\" title=\"\" srcset=\"https:\/\/ibizavilla.com\/wp-content\/uploads\/2020\/03\/faro-ibiza-villa-1024x768.jpg 1024w, https:\/\/ibizavilla.com\/wp-content\/uploads\/2020\/03\/faro-ibiza-villa-300x225.jpg 300w, https:\/\/ibizavilla.com\/wp-content\/uploads\/2020\/03\/faro-ibiza-villa-768x576.jpg 768w, https:\/\/ibizavilla.com\/wp-content\/uploads\/2020\/03\/faro-ibiza-villa.jpg 1280w\" sizes=\"auto, (max-width: 1024px) 100vw, 1024px\" \/><\/a><\/p>\n<p><strong>Phare des Morcarter, San Juan<\/strong><br \/>\n<strong>Construit en 1978 \u00e0 Portinatx<\/strong>. Il est le plus grand des <strong>Bal\u00e9ares avec ses 52 m\u00e8tres<\/strong> de haut.<br \/>\nSpectaculaire tour blanche avec des lignes noires.<\/p>\n<p><strong>Phare de Ses Coves Blanques, San Antonio<\/strong><br \/>\nInaugur\u00e9 en<strong> 1897<\/strong>, il a cess\u00e9 de fonctionner en 1963. C&rsquo;est actuellement un <strong>mus\u00e9e surplombant la mer.<\/strong><\/p>\n<p><strong>Phare de Tagomago<\/strong><br \/>\nEn fonctionnement <strong>depuis 1914, il n&rsquo;est accessible<\/strong> que par bateau.<\/p>\n<p><strong>Phare des Vedra<\/strong><br \/>\n<strong>Ouvert en 1927<\/strong>, il a du \u00eatre reconstruit en 1959.<\/p>\n<p><strong>Phare de Sa Conillera<\/strong><br \/>\nOp\u00e9rationnel <strong>depuis 1857, de forme circulaire<\/strong> avec deux maisons.<\/p>\n<p><strong>Phare de Na Bleda Plana<\/strong><br \/>\nAu d\u00e9part <strong>ce n&rsquo;\u00e9tait qu&rsquo;une balise<\/strong> qui, en <strong>1967<\/strong>, est devenue un phare.<\/p>\n<h3><\/h3>\n<h3>Pour des r\u00e9servations de villas de luxe ou pour des informations sur nos services exclusifs, contactez <span style=\"color: #3366ff;\"><a style=\"color: #3366ff;\" href=\"https:\/\/ibizavilla.com\/fr\/\">Ibiza Villa<\/a><\/span> nous sommes ici depuis 1998!!<\/h3>\n","protected":false},"excerpt":{"rendered":"<p>les dix phares d&rsquo;ibiza racont\u00e9s par Ibiza Villa Les phares d&rsquo;Ibiza racontent chacun leur histoire. Si vous voulez profiter d&rsquo;une activit\u00e9 diff\u00e9rente de ce que l&rsquo;\u00eele vous propose habituellement, voici votre article. Les phares, depuis l&rsquo;Antiquit\u00e9, ont servi de guide aux marins lorsqu&rsquo;ils se sont approch\u00e9s de la c\u00f4te. A Ibiza, nous trouvons diff\u00e9rents types &#8230;<\/p>\n","protected":false},"author":9,"featured_media":72491,"comment_status":"closed","ping_status":"open","sticky":false,"template":"","format":"standard","meta":{"_acf_changed":false,"_joinchat":[],"footnotes":""},"categories":[987,989,373],"tags":[540,541],"class_list":["post-72524","post","type-post","status-publish","format-standard","has-post-thumbnail","hentry","category-curiosity-fr","category-ibiza-fr","category-les-services","tag-ibiza-villa-en-fr","tag-luxury-ibiza-fr"],"acf":[],"_links":{"self":[{"href":"https:\/\/ibizavilla.com\/fr\/wp-json\/wp\/v2\/posts\/72524","targetHints":{"allow":["GET"]}}],"collection":[{"href":"https:\/\/ibizavilla.com\/fr\/wp-json\/wp\/v2\/posts"}],"about":[{"href":"https:\/\/ibizavilla.com\/fr\/wp-json\/wp\/v2\/types\/post"}],"author":[{"embeddable":true,"href":"https:\/\/ibizavilla.com\/fr\/wp-json\/wp\/v2\/users\/9"}],"replies":[{"embeddable":true,"href":"https:\/\/ibizavilla.com\/fr\/wp-json\/wp\/v2\/comments?post=72524"}],"version-history":[{"count":0,"href":"https:\/\/ibizavilla.com\/fr\/wp-json\/wp\/v2\/posts\/72524\/revisions"}],"wp:featuredmedia":[{"embeddable":true,"href":"https:\/\/ibizavilla.com\/fr\/wp-json\/wp\/v2\/media\/72491"}],"wp:attachment":[{"href":"https:\/\/ibizavilla.com\/fr\/wp-json\/wp\/v2\/media?parent=72524"}],"wp:term":[{"taxonomy":"category","embeddable":true,"href":"https:\/\/ibizavilla.com\/fr\/wp-json\/wp\/v2\/categories?post=72524"},{"taxonomy":"post_tag","embeddable":true,"href":"https:\/\/ibizavilla.com\/fr\/wp-json\/wp\/v2\/tags?post=72524"}],"curies":[{"name":"wp","href":"https:\/\/api.w.org\/{rel}","templated":true}]}}