{"id":72806,"date":"2020-03-25T10:10:51","date_gmt":"2020-03-25T08:10:51","guid":{"rendered":"https:\/\/ibizavilla.com\/?p=72806"},"modified":"2020-03-25T10:46:47","modified_gmt":"2020-03-25T08:46:47","slug":"naturel-yoga-ibiza","status":"publish","type":"post","link":"https:\/\/ibizavilla.com\/fr\/naturel-yoga-ibiza\/","title":{"rendered":"Naturel Yoga Ibiza"},"content":{"rendered":"<p><a href=\"https:\/\/ibizavilla.com\/wp-content\/uploads\/2020\/03\/yoga-ibiza-villa.jpeg\"><img loading=\"lazy\" decoding=\"async\" class=\"size-large wp-image-72782\" src=\"https:\/\/ibizavilla.com\/wp-content\/uploads\/2020\/03\/yoga-ibiza-villa-1024x384.jpeg\" alt=\"yoga ibiza villa\" width=\"1024\" height=\"384\" title=\"\" srcset=\"https:\/\/ibizavilla.com\/wp-content\/uploads\/2020\/03\/yoga-ibiza-villa-1024x384.jpeg 1024w, https:\/\/ibizavilla.com\/wp-content\/uploads\/2020\/03\/yoga-ibiza-villa-300x113.jpeg 300w, https:\/\/ibizavilla.com\/wp-content\/uploads\/2020\/03\/yoga-ibiza-villa-768x288.jpeg 768w\" sizes=\"auto, (max-width: 1024px) 100vw, 1024px\" \/><\/a><\/p>\n<h1 style=\"text-align: center;\">Naturel Yoga Ibiza Villa<\/h1>\n<p><strong>Aimez-vous le yoga?<\/strong> Si vous s\u00e9journez sur l&rsquo;\u00eele d&rsquo;<strong>Ibiza en 2020<\/strong>, il est tr\u00e8s probable que vous ayez la possibilit\u00e9 de pratiquer <strong>cette merveilleuse<\/strong> discipline tout en profitant d&rsquo;un <strong>environnement privil\u00e9gi\u00e9<\/strong>.<\/p>\n<p>Sant Joan de Labritja <strong>organisera d&rsquo;avril \u00e0 novembre<\/strong> des r\u00e9unions avec r\u00e9sidents et <strong>touristes dans le but<\/strong> de diffuser et promouvoir un mode de vie sain et <strong>respectueux avec<\/strong> l&rsquo;environnement.<\/p>\n<p>Le maire de la population, <strong>Antoni Mar\u00ed Mar\u00ed<\/strong>, souligne la joie avec laquelle il se <strong>lance dans ce nouveau<\/strong> projet. L&rsquo;initiative: <strong>Natural Yoga Sant Joan de Labritja<\/strong> a \u00e9t\u00e9 pr\u00e9sent\u00e9e sur le stand d&rsquo;Ibiza dans le cadre du salon <strong><a href=\"https:\/\/www.ifema.es\/fitur\" target=\"_blank\" rel=\"noopener noreferrer\"><span style=\"color: #3366ff;\">Fitur 2020<\/span><\/a><\/strong>,<\/p>\n<p>le salon international du tourisme de<strong> Madrid<\/strong>. Cette initiative s&rsquo;est engag\u00e9e \u00e0 diffuser la <strong>pratique d&rsquo;un mode<\/strong> de vie sain sous tous ses aspects pour les <strong>personnes de tous \u00e2ges<\/strong><\/p>\n<p>et \u00e0 faire conna\u00eetre la <strong>magie de la pratiquer dans<\/strong> les espaces naturels qui composent le poumon vert <strong>de l&rsquo;\u00eele d&rsquo;Ibiza<\/strong> en dehors de la haute saison.<\/p>\n<h2>Vous cherchez un endroit pour faire du yoga? Nous nous en occuperons, contactez <span style=\"color: #3366ff;\"><a style=\"color: #3366ff;\" href=\"https:\/\/ibizavilla.com\/fr\/\">Ibiza Villa<\/a><\/span> et nous vous fournirons toutes les informations n\u00e9cessaires.<\/h2>\n<p><a href=\"https:\/\/ibizavilla.com\/wp-content\/uploads\/2020\/03\/ibiza-villa-yoga.jpeg\"><img loading=\"lazy\" decoding=\"async\" class=\"size-large wp-image-72778\" src=\"https:\/\/ibizavilla.com\/wp-content\/uploads\/2020\/03\/ibiza-villa-yoga-1024x649.jpeg\" alt=\"ibiza villa yoga\" width=\"1024\" height=\"649\" title=\"\" srcset=\"https:\/\/ibizavilla.com\/wp-content\/uploads\/2020\/03\/ibiza-villa-yoga-1024x649.jpeg 1024w, https:\/\/ibizavilla.com\/wp-content\/uploads\/2020\/03\/ibiza-villa-yoga-300x190.jpeg 300w, https:\/\/ibizavilla.com\/wp-content\/uploads\/2020\/03\/ibiza-villa-yoga-768x487.jpeg 768w, https:\/\/ibizavilla.com\/wp-content\/uploads\/2020\/03\/ibiza-villa-yoga.jpeg 1615w\" sizes=\"auto, (max-width: 1024px) 100vw, 1024px\" \/><\/a><\/p>\n<p>Dans ce mode de vie,<strong> la pratique du yoga s&rsquo;int\u00e8gre parfaitement<\/strong> et est l&rsquo;une des disciplines les <strong>plus r\u00e9pandues<\/strong> dans notre soci\u00e9t\u00e9 en raison des avantages qu&rsquo;elle apporte \u00e0 <strong>tous les niveaux,<\/strong><\/p>\n<p>\u00e0 la fois physique et mental mais aussi spirituel. <strong>Avec en plus la possibilit\u00e9<\/strong> de pratiquer dans un <strong>environnement naturel<\/strong> rempli d&rsquo;\u00e9nergie et unique comme celui de l&rsquo;\u00eele d&rsquo;Ibiza,<\/p>\n<p>les <strong>b\u00e9n\u00e9fices que produira la pratique<\/strong> de cette discipline se multiplieront.<\/p>\n<p>Mireia Canalda, <strong>mannequin, actrice<\/strong>, pr\u00e9sentatrice et <strong>professeur de yoga<\/strong> sera la marraine <strong>et promotrice<\/strong> de cette campagne. Mireia est une amoureuse d\u00e9clar\u00e9e de l&rsquo;\u00eele d&rsquo;Ibiza,<\/p>\n<p>de son environnement naturel et <strong>surtout de la partie nord de l&rsquo;\u00eele.<\/strong><\/p>\n<p><a href=\"https:\/\/ibizavilla.com\/wp-content\/uploads\/2020\/03\/ibiza-yoga.jpg\"><img loading=\"lazy\" decoding=\"async\" class=\"size-full wp-image-72774\" src=\"https:\/\/ibizavilla.com\/wp-content\/uploads\/2020\/03\/ibiza-yoga.jpg\" alt=\"ibiza yoga\" width=\"800\" height=\"533\" title=\"\" srcset=\"https:\/\/ibizavilla.com\/wp-content\/uploads\/2020\/03\/ibiza-yoga.jpg 800w, https:\/\/ibizavilla.com\/wp-content\/uploads\/2020\/03\/ibiza-yoga-300x200.jpg 300w, https:\/\/ibizavilla.com\/wp-content\/uploads\/2020\/03\/ibiza-yoga-768x512.jpg 768w, https:\/\/ibizavilla.com\/wp-content\/uploads\/2020\/03\/ibiza-yoga-240x160.jpg 240w\" sizes=\"auto, (max-width: 800px) 100vw, 800px\" \/><\/a><\/p>\n<p>Sa passion pour la sant\u00e9 et le <strong>bien-\u00eatre personnel l&rsquo;a amen\u00e9e<\/strong> \u00e0 adopter une philosophie de vie bas\u00e9e <strong>sur l&rsquo;\u00e9quilibre entre<\/strong> l&rsquo;esprit et le corps.<\/p>\n<p>Pour <strong>toutes ces raisons<\/strong>, il n&rsquo;est pas \u00e9trange qu&rsquo;elle fait fini par suivre une formation de <strong>professeur de yoga<\/strong>, cr\u00e9ant une communaut\u00e9 qui allie d\u00e9veloppement <strong>spirituel et gestion<\/strong> des \u00e9motions.<\/p>\n<p>Mireia, sp\u00e9cialis\u00e9e dans la <strong>m\u00e9thode du yoga kundalini<\/strong>, recommande de travailler le corps et l&rsquo;<strong>esprit par l&rsquo;exercice<\/strong> et la m\u00e9ditation sur les plages, les criques et les <strong>espaces naturels<\/strong>.<\/p>\n<h3>Vous recherchez une villa \u00e0 Ibiza pour pratiquer le yoga? <span style=\"color: #3366ff;\"><a style=\"color: #3366ff;\" href=\"https:\/\/ibizavilla.com\/fr\/contact\/\">Contactez-nous<\/a><\/span> et nous r\u00e9serverons pour vous la villa de vos r\u00eaves.<\/h3>\n<p>Les cours auront lieu le <strong>troisi\u00e8me samedi de chaque mois<\/strong> \u00e0 partir de <strong>11 heures<\/strong> et se tiendront toujours dans des espaces embl\u00e9matiques tels que le port de <strong>Sant Miquel,<\/strong><\/p>\n<p>Cala Xarraca, <strong>Cala de Sant Vicent<\/strong>, Playa de Benirr\u00e1s, Portinatx et Faro de Moscarter. Il est <strong>n\u00e9cessaire de r\u00e9server<\/strong> une place et au besoin, une fois de <strong>plus Ibiza Villa pourra vous conseiller<\/strong> \u00e0 ce sujet.<\/p>\n<p>Si <strong>vous pr\u00e9f\u00e9rez vous<\/strong> renseignez vous m\u00eame, contactez directement <strong>naturalyoga@santjoandelabritja.com<\/strong> ou appelez le <strong>0034 971333003<\/strong>.<\/p>\n","protected":false},"excerpt":{"rendered":"<p>Naturel Yoga Ibiza Villa Aimez-vous le yoga? Si vous s\u00e9journez sur l&rsquo;\u00eele d&rsquo;Ibiza en 2020, il est tr\u00e8s probable que vous ayez la possibilit\u00e9 de pratiquer cette merveilleuse discipline tout en profitant d&rsquo;un environnement privil\u00e9gi\u00e9. Sant Joan de Labritja organisera d&rsquo;avril \u00e0 novembre des r\u00e9unions avec r\u00e9sidents et touristes dans le but de diffuser et &#8230;<\/p>\n","protected":false},"author":9,"featured_media":72783,"comment_status":"closed","ping_status":"open","sticky":false,"template":"","format":"standard","meta":{"_acf_changed":false,"_joinchat":[],"footnotes":""},"categories":[987,989],"tags":[],"class_list":["post-72806","post","type-post","status-publish","format-standard","has-post-thumbnail","hentry","category-curiosity-fr","category-ibiza-fr"],"acf":[],"_links":{"self":[{"href":"https:\/\/ibizavilla.com\/fr\/wp-json\/wp\/v2\/posts\/72806","targetHints":{"allow":["GET"]}}],"collection":[{"href":"https:\/\/ibizavilla.com\/fr\/wp-json\/wp\/v2\/posts"}],"about":[{"href":"https:\/\/ibizavilla.com\/fr\/wp-json\/wp\/v2\/types\/post"}],"author":[{"embeddable":true,"href":"https:\/\/ibizavilla.com\/fr\/wp-json\/wp\/v2\/users\/9"}],"replies":[{"embeddable":true,"href":"https:\/\/ibizavilla.com\/fr\/wp-json\/wp\/v2\/comments?post=72806"}],"version-history":[{"count":0,"href":"https:\/\/ibizavilla.com\/fr\/wp-json\/wp\/v2\/posts\/72806\/revisions"}],"wp:featuredmedia":[{"embeddable":true,"href":"https:\/\/ibizavilla.com\/fr\/wp-json\/wp\/v2\/media\/72783"}],"wp:attachment":[{"href":"https:\/\/ibizavilla.com\/fr\/wp-json\/wp\/v2\/media?parent=72806"}],"wp:term":[{"taxonomy":"category","embeddable":true,"href":"https:\/\/ibizavilla.com\/fr\/wp-json\/wp\/v2\/categories?post=72806"},{"taxonomy":"post_tag","embeddable":true,"href":"https:\/\/ibizavilla.com\/fr\/wp-json\/wp\/v2\/tags?post=72806"}],"curies":[{"name":"wp","href":"https:\/\/api.w.org\/{rel}","templated":true}]}}