{"id":73146,"date":"2020-04-11T11:37:06","date_gmt":"2020-04-11T09:37:06","guid":{"rendered":"https:\/\/ibizavilla.com\/?p=73146"},"modified":"2020-04-11T12:03:37","modified_gmt":"2020-04-11T10:03:37","slug":"ibiza-vista-por-famosos","status":"publish","type":"post","link":"https:\/\/ibizavilla.com\/fr\/ibiza-vista-por-famosos\/","title":{"rendered":"Ibiza Vue par les c\u00e9l\u00e9brit\u00e9s"},"content":{"rendered":"<p><a href=\"https:\/\/ibizavilla.com\/wp-content\/uploads\/2020\/04\/celebrities-ibiza-villa.jpg\"><img loading=\"lazy\" decoding=\"async\" class=\"size-large wp-image-73116\" src=\"https:\/\/ibizavilla.com\/wp-content\/uploads\/2020\/04\/celebrities-ibiza-villa-1024x999.jpg\" alt=\"celebrities ibiza villa\" width=\"1024\" height=\"999\" title=\"\" srcset=\"https:\/\/ibizavilla.com\/wp-content\/uploads\/2020\/04\/celebrities-ibiza-villa.jpg 1024w, https:\/\/ibizavilla.com\/wp-content\/uploads\/2020\/04\/celebrities-ibiza-villa-300x293.jpg 300w, https:\/\/ibizavilla.com\/wp-content\/uploads\/2020\/04\/celebrities-ibiza-villa-768x749.jpg 768w, https:\/\/ibizavilla.com\/wp-content\/uploads\/2020\/04\/celebrities-ibiza-villa-60x60.jpg 60w\" sizes=\"auto, (max-width: 1024px) 100vw, 1024px\" \/><\/a><\/p>\n<h1 style=\"text-align: center;\">Ibiza Villa r\u00e9v\u00e8le Ibiza vue par les c\u00e9l\u00e9brit\u00e9s<\/h1>\n<p><strong>Pourquoi les c\u00e9l\u00e9brit\u00e9s choisissent-elles Ibiza chaque ann\u00e9e?<\/strong> Tout simplement parce que c&rsquo;est l&rsquo;une des destinations les plus glamour de toute la <strong>M\u00e9diterran\u00e9e<\/strong>.<\/p>\n<p>Ses plages, ses eaux cristallines, <strong>les f\u00eates<\/strong>, la gastronomie, la musique, la m\u00e9t\u00e9o, <strong>l&rsquo;ambiance<\/strong>, on pourrait citer bien des choses qui font de cette <strong>destination l&rsquo;une<\/strong><\/p>\n<p>des plus demand\u00e9es non seulement parmi le <strong>grand public<\/strong> mais aussi parmi les c\u00e9l\u00e9brit\u00e9s. Mais comment les <strong>c\u00e9l\u00e9brit\u00e9s voient-elles<\/strong> ou d\u00e9crivent-elles l&rsquo;\u00eele blanche?<\/p>\n<p><strong>L&rsquo;\u00e9crivain <span style=\"color: #3366ff;\"><a style=\"color: #3366ff;\" href=\"https:\/\/en.wikipedia.org\/wiki\/Javier_Moro\" target=\"_blank\" rel=\"noopener noreferrer\"><strong>Javier Moro<\/strong><\/a><\/span><\/strong> (Cr\u00f3nica del Alba, Entre Lobos,\u2026), l&rsquo;un des habitu\u00e9s qui a fini <strong>par s&rsquo;installer<\/strong> sur l&rsquo;\u00eele, souligne \u00abl&rsquo;odeur des gen\u00e9vriers, <strong>la couleur de l&rsquo;eau<\/strong>, une balade \u00e0 v\u00e9lo \u00e0 travers la campagne,<\/p>\n<p>le go\u00fbt du \u00abCuinat\u00bb et du \u00ab<strong>Bullit de peix<\/strong>\u00bb, ses couchers de soleil et ses criques solitaires. \u00bb<\/p>\n<p><strong>Kike Sarasola<\/strong>, homme d&rsquo;affaires et acteur, est un visiteur r\u00e9gulier de l&rsquo;\u00eele depuis <strong>qu\u2019il est enfant<\/strong>, il affirme qu&rsquo;avec <strong>New York<\/strong>, c&rsquo;est son endroit pr\u00e9f\u00e9r\u00e9 dans le monde.<\/p>\n<p>Sa plage pr\u00e9f\u00e9r\u00e9e,<strong> \u00ab\u00a0Es Cavallet\u00a0\u00bb<\/strong>, est l&rsquo;une de ses destinations pr\u00e9f\u00e9r\u00e9es pour <strong>profiter en famille<\/strong>. Il d\u00e9finit <strong>Ibiza<\/strong> comme \u00abl&rsquo;\u00eele du bonheur\u00bb.<\/p>\n<p>L&rsquo;actrice Cayetana Guill\u00e9n <strong>Cuervo, visiteur assidue des Pitiusas<\/strong> tout au long de l&rsquo;ann\u00e9e, s&rsquo;est mari\u00e9e dans ce qu&rsquo;elle appelle <strong>\u00abl&rsquo;\u00eele de l&rsquo;amour\u00bb.<\/strong><\/p>\n<p>Pour elle, Ibiza est \u00ab<strong>une \u00eele libre et le meilleur endroit au monde pour profiter de son identit\u00e9<\/strong>\u00bb.<\/p>\n<p><a href=\"https:\/\/ibizavilla.com\/wp-content\/uploads\/2020\/04\/tramonto-ibiza-villa.jpg\"><img loading=\"lazy\" decoding=\"async\" class=\"size-large wp-image-73124\" src=\"https:\/\/ibizavilla.com\/wp-content\/uploads\/2020\/04\/tramonto-ibiza-villa-1024x682.jpg\" alt=\"tramonto ibiza villa\" width=\"1024\" height=\"682\" title=\"\" srcset=\"https:\/\/ibizavilla.com\/wp-content\/uploads\/2020\/04\/tramonto-ibiza-villa.jpg 1024w, https:\/\/ibizavilla.com\/wp-content\/uploads\/2020\/04\/tramonto-ibiza-villa-300x200.jpg 300w, https:\/\/ibizavilla.com\/wp-content\/uploads\/2020\/04\/tramonto-ibiza-villa-768x512.jpg 768w, https:\/\/ibizavilla.com\/wp-content\/uploads\/2020\/04\/tramonto-ibiza-villa-240x160.jpg 240w\" sizes=\"auto, (max-width: 1024px) 100vw, 1024px\" \/><\/a><\/p>\n<h2>Vous souhaitez r\u00e9server une table exclusive dans les meilleurs clubs d&rsquo;Ibiza? Contactez <span style=\"color: #3366ff;\"><a style=\"color: #3366ff;\" href=\"https:\/\/ibizavilla.com\/fr\/\">Ibiza Villa<\/a><\/span> et nous le ferons pour vous.<\/h2>\n<p>Kiko Narv\u00e1ez, <strong>ancien footballeur et commentateur sportif<\/strong>, est un autre des personnages habituels de l&rsquo;\u00eele qu&rsquo;il a rencontr\u00e9 gr\u00e2ce \u00e0 un autre partenaire sportif, <strong>Solaz\u00e1bal<\/strong>.<\/p>\n<p>Kiko recommande l\u2019\u00eele \u00e0 <strong>\u00ab\u00a0tout le monde:<\/strong> pour les c\u00e9libataires, mari\u00e9s, <strong>divorc\u00e9s et veufs<\/strong>, pour ses plages, sa tranquillit\u00e9 ou ses <strong>divertissements\u00a0<\/strong>\u00bb.<\/p>\n<p><strong>Pour Aitor Ocio,<\/strong> ancien footballeur et ambassadeur des \u00e9v\u00e9nements sportifs qui se <strong>d\u00e9roulent \u00e0 Ibiza<\/strong> gr\u00e2ce au <a href=\"http:\/\/www.conselldeivissa.es\/portal\/p_1_principal1.jsp?codResi=1&amp;language=ca\" target=\"_blank\" rel=\"noopener noreferrer\"><strong><span style=\"color: #3366ff;\">Consell Insular d\u2019Eivissa<\/span><\/strong><\/a>, l&rsquo;\u00eele est sa <strong>destination de vacances<\/strong> depuis plus de 22 ans.<\/p>\n<p>Selon ses propres mots \u00abSa grandeur est la <strong>multitude des activit\u00e9s<\/strong> que vous pouvez faire; pratiquer <strong>diff\u00e9rents sports,<\/strong> choisir entre une offre de loisirs de<\/p>\n<p>classe mondiale et une offre <strong>gastronomique<\/strong> qui grandit chaque jour en vari\u00e9t\u00e9, qualit\u00e9 et quantit\u00e9. \u00bb Il ne <strong>fait \u00e9galement<\/strong> aucun doute que c&rsquo;est un endroit \u00e0 appr\u00e9cier \u00e0 <strong>tout \u00e2ge<\/strong>.<\/p>\n<p><a href=\"https:\/\/ibizavilla.com\/wp-content\/uploads\/2020\/04\/ibiza-villa-celebrities.jpg\"><img loading=\"lazy\" decoding=\"async\" class=\"size-large wp-image-73120\" src=\"https:\/\/ibizavilla.com\/wp-content\/uploads\/2020\/04\/ibiza-villa-celebrities-1024x634.jpg\" alt=\"ibiza villa celebrities\" width=\"1024\" height=\"634\" title=\"\" srcset=\"https:\/\/ibizavilla.com\/wp-content\/uploads\/2020\/04\/ibiza-villa-celebrities.jpg 1024w, https:\/\/ibizavilla.com\/wp-content\/uploads\/2020\/04\/ibiza-villa-celebrities-300x186.jpg 300w, https:\/\/ibizavilla.com\/wp-content\/uploads\/2020\/04\/ibiza-villa-celebrities-768x476.jpg 768w\" sizes=\"auto, (max-width: 1024px) 100vw, 1024px\" \/><\/a><\/p>\n<p><strong>Jose Manuel Flores<\/strong>, connu sous le nom de Chico Flores, footballeur d\u00e9fendant Lekhwiya SC de la ligue de football du Qatar, <strong>choisit \u00e9galement Ibiza<\/strong> pour se d\u00e9tendre.<\/p>\n<p>Il dit qu&rsquo;\u00e0 Ibiza \u00ab\u00a0<strong>j&rsquo;aime tout<\/strong>: les gens, l&rsquo;environnement, la m\u00e9t\u00e9o, <strong>les plages<\/strong>, la f\u00eate, la nourriture, <strong>mais surtout<\/strong> je pr\u00e9serve les nombreuses amiti\u00e9s que j&rsquo;ai\u00a0\u00bb.<\/p>\n<p><strong>Son coin pr\u00e9f\u00e9r\u00e9 est Cala Jondal.<\/strong><\/p>\n<p><strong>Carmen Lomana<\/strong>, qui a connu Ibiza \u00e0 l\u2019\u00e2ge <strong>de 15 ans<\/strong>, souligne la \u00abfacette des journ\u00e9es d&rsquo;Ibiza : profiter de la mer, des plages, du nudisme .. <strong>par essence \u00eatre soi-m\u00eame<\/strong> \u201d<\/p>\n<h2><\/h2>\n<h2>Il y a beaucoup de c\u00e9l\u00e9brit\u00e9s qui fr\u00e9quentent l&rsquo;\u00eele d&rsquo;Ibiza et louent des villas de r\u00eave, avez-vous besoin d&rsquo;une villa exclusive? <span style=\"color: #3366ff;\"><a style=\"color: #3366ff;\" href=\"https:\/\/ibizavilla.com\/fr\/contact\/\">Contact<\/a><\/span><\/h2>\n","protected":false},"excerpt":{"rendered":"<p>Ibiza Villa r\u00e9v\u00e8le Ibiza vue par les c\u00e9l\u00e9brit\u00e9s Pourquoi les c\u00e9l\u00e9brit\u00e9s choisissent-elles Ibiza chaque ann\u00e9e? Tout simplement parce que c&rsquo;est l&rsquo;une des destinations les plus glamour de toute la M\u00e9diterran\u00e9e. Ses plages, ses eaux cristallines, les f\u00eates, la gastronomie, la musique, la m\u00e9t\u00e9o, l&rsquo;ambiance, on pourrait citer bien des choses qui font de cette destination &#8230;<\/p>\n","protected":false},"author":9,"featured_media":73117,"comment_status":"open","ping_status":"open","sticky":false,"template":"","format":"standard","meta":{"_acf_changed":false,"_joinchat":[],"footnotes":""},"categories":[987,989,377],"tags":[],"class_list":["post-73146","post","type-post","status-publish","format-standard","has-post-thumbnail","hentry","category-curiosity-fr","category-ibiza-fr","category-villas-fr"],"acf":[],"_links":{"self":[{"href":"https:\/\/ibizavilla.com\/fr\/wp-json\/wp\/v2\/posts\/73146","targetHints":{"allow":["GET"]}}],"collection":[{"href":"https:\/\/ibizavilla.com\/fr\/wp-json\/wp\/v2\/posts"}],"about":[{"href":"https:\/\/ibizavilla.com\/fr\/wp-json\/wp\/v2\/types\/post"}],"author":[{"embeddable":true,"href":"https:\/\/ibizavilla.com\/fr\/wp-json\/wp\/v2\/users\/9"}],"replies":[{"embeddable":true,"href":"https:\/\/ibizavilla.com\/fr\/wp-json\/wp\/v2\/comments?post=73146"}],"version-history":[{"count":0,"href":"https:\/\/ibizavilla.com\/fr\/wp-json\/wp\/v2\/posts\/73146\/revisions"}],"wp:featuredmedia":[{"embeddable":true,"href":"https:\/\/ibizavilla.com\/fr\/wp-json\/wp\/v2\/media\/73117"}],"wp:attachment":[{"href":"https:\/\/ibizavilla.com\/fr\/wp-json\/wp\/v2\/media?parent=73146"}],"wp:term":[{"taxonomy":"category","embeddable":true,"href":"https:\/\/ibizavilla.com\/fr\/wp-json\/wp\/v2\/categories?post=73146"},{"taxonomy":"post_tag","embeddable":true,"href":"https:\/\/ibizavilla.com\/fr\/wp-json\/wp\/v2\/tags?post=73146"}],"curies":[{"name":"wp","href":"https:\/\/api.w.org\/{rel}","templated":true}]}}