{"id":73732,"date":"2020-05-12T08:08:48","date_gmt":"2020-05-12T06:08:48","guid":{"rendered":"https:\/\/ibizavilla.com\/?p=73732"},"modified":"2020-05-12T08:15:51","modified_gmt":"2020-05-12T06:15:51","slug":"ibiza-avec-des-enfants","status":"publish","type":"post","link":"https:\/\/ibizavilla.com\/fr\/ibiza-avec-des-enfants\/","title":{"rendered":"Ibiza Avec Des Enfants"},"content":{"rendered":"<p><a href=\"https:\/\/ibizavilla.com\/wp-content\/uploads\/2020\/05\/ibiza-villa.jpg\"><img loading=\"lazy\" decoding=\"async\" class=\"size-large wp-image-73715\" src=\"https:\/\/ibizavilla.com\/wp-content\/uploads\/2020\/05\/ibiza-villa-1024x768.jpg\" alt=\"ibiza villa\" width=\"1024\" height=\"768\" title=\"\" srcset=\"https:\/\/ibizavilla.com\/wp-content\/uploads\/2020\/05\/ibiza-villa-1024x768.jpg 1024w, https:\/\/ibizavilla.com\/wp-content\/uploads\/2020\/05\/ibiza-villa-300x225.jpg 300w, https:\/\/ibizavilla.com\/wp-content\/uploads\/2020\/05\/ibiza-villa-768x576.jpg 768w, https:\/\/ibizavilla.com\/wp-content\/uploads\/2020\/05\/ibiza-villa.jpg 1280w\" sizes=\"auto, (max-width: 1024px) 100vw, 1024px\" \/><\/a><\/p>\n<h1 style=\"text-align: center;\">Ibiza Avec Des Enfants By Ibiza Villa<\/h1>\n<p><strong>Dans cet article<\/strong>, nous allons vous informer de toutes les <strong>activit\u00e9s possibles<\/strong> lorsque nous voyageons sur l&rsquo;\u00eele blanche avec des<strong> enfants<\/strong>.<\/p>\n<p>Malgr\u00e9 l&rsquo;image que l&rsquo;on peut avoir de <strong>l&rsquo;\u00eele comme lieu d&rsquo;ivresse<\/strong> et de f\u00eates jusqu&rsquo;\u00e0 l&rsquo;aube, il est important de noter <strong>qu&rsquo;Ibiza<\/strong> est bien plus que cela.<\/p>\n<p><strong>Ses plages spectaculaires<\/strong>, ses march\u00e9s et sa <strong>gastronomie<\/strong> singuli\u00e8re en sont la preuve.<\/p>\n<p>Dans cet article, nous mettrons l&rsquo;accent sur <strong>Ibiza en famille et avec enfants<\/strong>.<\/p>\n<p><strong>N&rsquo;oublions<\/strong> pas que la meilleure fa\u00e7on de visiter Ibiza avec des<strong> enfants<\/strong> est sans aucun doute en voiture.<\/p>\n<p>Par cons\u00e9quent, le plus simple <strong>est de r\u00e9server une voiture de location<\/strong> avec ou sans chauffeur. Pour cela, <span style=\"color: #3366ff;\"><strong><a style=\"color: #3366ff;\" href=\"https:\/\/ibizavilla.com\">Ibiza Villa<\/a><\/strong><\/span> vous <strong>guidera dans<\/strong> tout ce dont vous avez besoin.<\/p>\n<p>Il est important de <strong>savoir qu&rsquo;en cas<\/strong> de probl\u00e8me ou d&rsquo;accident, muni de votre <strong>carte de s\u00e9curit\u00e9 sociale<\/strong>, vous serez re\u00e7us dans n&rsquo;imporque quel <strong>centre de sant\u00e9 d&rsquo;Ibiza<\/strong>.<\/p>\n<p><a href=\"https:\/\/ibizavilla.com\/wp-content\/uploads\/2020\/05\/ibiza-with-children-ibiza-villa.jpeg\"><img loading=\"lazy\" decoding=\"async\" class=\"size-large wp-image-73706\" src=\"https:\/\/ibizavilla.com\/wp-content\/uploads\/2020\/05\/ibiza-with-children-ibiza-villa-1024x684.jpeg\" alt=\"ibiza with children ibiza villa\" width=\"1024\" height=\"684\" title=\"\" srcset=\"https:\/\/ibizavilla.com\/wp-content\/uploads\/2020\/05\/ibiza-with-children-ibiza-villa-1024x684.jpeg 1024w, https:\/\/ibizavilla.com\/wp-content\/uploads\/2020\/05\/ibiza-with-children-ibiza-villa-300x200.jpeg 300w, https:\/\/ibizavilla.com\/wp-content\/uploads\/2020\/05\/ibiza-with-children-ibiza-villa-768x513.jpeg 768w, https:\/\/ibizavilla.com\/wp-content\/uploads\/2020\/05\/ibiza-with-children-ibiza-villa-240x160.jpeg 240w, https:\/\/ibizavilla.com\/wp-content\/uploads\/2020\/05\/ibiza-with-children-ibiza-villa.jpeg 1534w\" sizes=\"auto, (max-width: 1024px) 100vw, 1024px\" \/><\/a><\/p>\n<p>Les <strong>urgences p\u00e9diatriques<\/strong> se trouvent \u00e0 l&rsquo;h\u00f4pital <span style=\"color: #3366ff;\"><strong><a style=\"color: #3366ff;\" href=\"https:\/\/www.ibsalut.es\/es\/servicio-de-salud\/organizacion\/gerencias-ibsalut\/gerencia-del-area-de-salud-de-ibiza-y-formentera\/hospital-can-misses\" target=\"_blank\" rel=\"noopener noreferrer\">Can Misses d&rsquo;Ibiza<\/a><\/strong><\/span><\/p>\n<p><strong>Nous vous recommandons<\/strong> tout de m\u00eame de toujours voyager avec une <strong>assurance voyage<\/strong>. Les meilleurs mois pour voyager \u00e0 <strong>Ibiza avec des enfants<\/strong> sont juin et septembre.<\/p>\n<p>Quels sont les meilleurs <strong>plans avec des enfants?<\/strong><\/p>\n<p><strong>Parc de S\u2019Illa<\/strong><br \/>\nDans le quartier de Can Misses \u00e0 Ibiza. Il dispose <strong>d&rsquo;un circuit v\u00e9lo et scooter<\/strong>.<\/p>\n<p><strong>Musique en live au Chirincana<\/strong><br \/>\nTous les <strong>mercredis \u00e0 Es Canar<\/strong>, il y a de la musique en live, vous <strong>pouver y manger<\/strong> ou juste prendre un verre et \u00e7a n&rsquo;est pas trop cher.<\/p>\n<p><strong>Cala Comte<\/strong><br \/>\n<strong>Magnifique coucher de soleil<\/strong>. Si vous y allez avec des enfants, vous pouvez passer la journ\u00e9e \u00e0 <strong>Cala Escondida<\/strong> (sur la gauche). \u00c0 droite du restaurant <strong>Ses Roques<\/strong>, il y a de belles petites jet\u00e9es et des maisons de p\u00eacheurs.<\/p>\n<p><strong>Marins l&rsquo;instant d&rsquo;un jour<\/strong><br \/>\nIl est possible de louer des <strong>petits bateaux pour<\/strong> acc\u00e9der aux meilleures criques d&rsquo;Ibiza depuis <strong>la mer<\/strong>.<\/p>\n<p><strong>Coucher de soleil \u00e0 Benirras<\/strong><br \/>\nC&rsquo;est l&rsquo;un des <strong>couchers de soleil<\/strong> les plus amusants. Chaque jour une <strong>\u201ctimbalada\u201d<\/strong> est offerte et en <strong>particulier<\/strong> le dimanche o\u00f9 elle est plus <strong>spectaculaire<\/strong>.<\/p>\n<p><strong>Bains de boue<\/strong><br \/>\nSi vous faites partie de <strong>ceux qui aiment prendre<\/strong> un bain de boue, vous pouvez vous rendre \u00e0 <strong>plusieurs<\/strong> endroits: Cala Xarraca, Aguas Blancas, <strong>Sa Caleta ou Es Bol Nou<\/strong> en sont quelques exemples.<\/p>\n<p><strong>March\u00e9 hippie de Punta Arab\u00ed<\/strong><br \/>\n\u00c9galement connu sous le nom de <strong>march\u00e9 d&rsquo;Es Canar,<\/strong> il est ouvert tous les <strong>mercredis de 10h \u00e0 18h30<\/strong> entre <strong>avril et octobre<\/strong>.<\/p>\n<p><a href=\"https:\/\/ibizavilla.com\/wp-content\/uploads\/2020\/05\/ibiza-with-children-by-ibiza-villa.jpg\"><img loading=\"lazy\" decoding=\"async\" class=\"size-large wp-image-73710\" src=\"https:\/\/ibizavilla.com\/wp-content\/uploads\/2020\/05\/ibiza-with-children-by-ibiza-villa-1024x682.jpg\" alt=\"ibiza with children by ibiza villa\" width=\"1024\" height=\"682\" title=\"\" srcset=\"https:\/\/ibizavilla.com\/wp-content\/uploads\/2020\/05\/ibiza-with-children-by-ibiza-villa-1024x682.jpg 1024w, https:\/\/ibizavilla.com\/wp-content\/uploads\/2020\/05\/ibiza-with-children-by-ibiza-villa-300x200.jpg 300w, https:\/\/ibizavilla.com\/wp-content\/uploads\/2020\/05\/ibiza-with-children-by-ibiza-villa-768x512.jpg 768w, https:\/\/ibizavilla.com\/wp-content\/uploads\/2020\/05\/ibiza-with-children-by-ibiza-villa-240x160.jpg 240w, https:\/\/ibizavilla.com\/wp-content\/uploads\/2020\/05\/ibiza-with-children-by-ibiza-villa.jpg 1280w\" sizes=\"auto, (max-width: 1024px) 100vw, 1024px\" \/><\/a><\/p>\n<p><strong>Le tour des plages<\/strong><br \/>\nUne activit\u00e9 \u00e0 <strong>partager en famille<\/strong> est de marquer toutes les plages visit\u00e9es sur une carte de l&rsquo;\u00eele.<\/p>\n<p><strong>Tour de kayak et snorkelling<\/strong><br \/>\n<strong>Activit\u00e9s ludiques<\/strong> pour d\u00e9couvrir l&rsquo;\u00eele en profondeur.<\/p>\n<p><strong>Dalt Vila<\/strong><br \/>\nVisite de <strong>la vieille ville<\/strong>.<\/p>\n<h3><\/h3>\n<h3>Vous souhaitez r\u00e9server une villa de luxe \u00e0 Ibiza et vous ne savez pas comment le faire? <span style=\"color: #3366ff;\"><a style=\"color: #3366ff;\" href=\"https:\/\/ibizavilla.com\/fr\/contact\/\">Contactez<\/a><\/span> la villa Ibiza et nous la r\u00e9serverons pour vous !!<\/h3>\n","protected":false},"excerpt":{"rendered":"<p>Ibiza Avec Des Enfants By Ibiza Villa Dans cet article, nous allons vous informer de toutes les activit\u00e9s possibles lorsque nous voyageons sur l&rsquo;\u00eele blanche avec des enfants. Malgr\u00e9 l&rsquo;image que l&rsquo;on peut avoir de l&rsquo;\u00eele comme lieu d&rsquo;ivresse et de f\u00eates jusqu&rsquo;\u00e0 l&rsquo;aube, il est important de noter qu&rsquo;Ibiza est bien plus que cela. &#8230;<\/p>\n","protected":false},"author":9,"featured_media":73716,"comment_status":"closed","ping_status":"open","sticky":false,"template":"","format":"standard","meta":{"_acf_changed":false,"_joinchat":[],"footnotes":""},"categories":[987,989],"tags":[540],"class_list":["post-73732","post","type-post","status-publish","format-standard","has-post-thumbnail","hentry","category-curiosity-fr","category-ibiza-fr","tag-ibiza-villa-en-fr"],"acf":[],"_links":{"self":[{"href":"https:\/\/ibizavilla.com\/fr\/wp-json\/wp\/v2\/posts\/73732","targetHints":{"allow":["GET"]}}],"collection":[{"href":"https:\/\/ibizavilla.com\/fr\/wp-json\/wp\/v2\/posts"}],"about":[{"href":"https:\/\/ibizavilla.com\/fr\/wp-json\/wp\/v2\/types\/post"}],"author":[{"embeddable":true,"href":"https:\/\/ibizavilla.com\/fr\/wp-json\/wp\/v2\/users\/9"}],"replies":[{"embeddable":true,"href":"https:\/\/ibizavilla.com\/fr\/wp-json\/wp\/v2\/comments?post=73732"}],"version-history":[{"count":0,"href":"https:\/\/ibizavilla.com\/fr\/wp-json\/wp\/v2\/posts\/73732\/revisions"}],"wp:featuredmedia":[{"embeddable":true,"href":"https:\/\/ibizavilla.com\/fr\/wp-json\/wp\/v2\/media\/73716"}],"wp:attachment":[{"href":"https:\/\/ibizavilla.com\/fr\/wp-json\/wp\/v2\/media?parent=73732"}],"wp:term":[{"taxonomy":"category","embeddable":true,"href":"https:\/\/ibizavilla.com\/fr\/wp-json\/wp\/v2\/categories?post=73732"},{"taxonomy":"post_tag","embeddable":true,"href":"https:\/\/ibizavilla.com\/fr\/wp-json\/wp\/v2\/tags?post=73732"}],"curies":[{"name":"wp","href":"https:\/\/api.w.org\/{rel}","templated":true}]}}