{"id":76461,"date":"2020-07-07T09:23:20","date_gmt":"2020-07-07T07:23:20","guid":{"rendered":"https:\/\/ibizavilla.com\/?p=76461"},"modified":"2020-07-07T09:43:59","modified_gmt":"2020-07-07T07:43:59","slug":"ville-fortifiee-de-dalt-vila","status":"publish","type":"post","link":"https:\/\/ibizavilla.com\/fr\/ville-fortifiee-de-dalt-vila\/","title":{"rendered":"Ville fortifi\u00e9e de Dalt Vila"},"content":{"rendered":"<p><a href=\"https:\/\/ibizavilla.com\/wp-content\/uploads\/2020\/07\/ibiza-villa-dalt-vila.jpeg\"><img loading=\"lazy\" decoding=\"async\" class=\"alignnone size-large wp-image-76437\" src=\"https:\/\/ibizavilla.com\/wp-content\/uploads\/2020\/07\/ibiza-villa-dalt-vila-1024x575.jpeg\" alt=\"ibiza villa dalt vila\" width=\"1024\" height=\"575\" title=\"\" srcset=\"https:\/\/ibizavilla.com\/wp-content\/uploads\/2020\/07\/ibiza-villa-dalt-vila-1024x575.jpeg 1024w, https:\/\/ibizavilla.com\/wp-content\/uploads\/2020\/07\/ibiza-villa-dalt-vila-300x168.jpeg 300w, https:\/\/ibizavilla.com\/wp-content\/uploads\/2020\/07\/ibiza-villa-dalt-vila-768x431.jpeg 768w, https:\/\/ibizavilla.com\/wp-content\/uploads\/2020\/07\/ibiza-villa-dalt-vila-805x453.jpeg 805w, https:\/\/ibizavilla.com\/wp-content\/uploads\/2020\/07\/ibiza-villa-dalt-vila.jpeg 1825w\" sizes=\"auto, (max-width: 1024px) 100vw, 1024px\" \/><\/a><\/p>\n<p><strong>La ville fortifi\u00e9e de Dalt Vila<\/strong> a \u00e9t\u00e9 d\u00e9clar\u00e9e site du <strong>patrimoine mondial<\/strong> par l&rsquo;<span style=\"color: #3366ff;\"><a style=\"color: #3366ff;\" href=\"https:\/\/fr.unesco.org\/\" target=\"_blank\" rel=\"noopener\"><strong>Unesco<\/strong><\/a><\/span> en 1999 et est l&rsquo;un des \u00e9l\u00e9ments <strong>architecturaux<\/strong> les plus pertinents d&rsquo;<strong>Ibiza<\/strong>.<\/p>\n<p>Dalt Vila signifie <strong>la ville haute<\/strong> (traduite d&rsquo;Ibiza) et repr\u00e9sente la vieille ville de l&rsquo;\u00eele. La ville fortifi\u00e9e est aussi un centre <strong>commercial et culturel<\/strong>.<\/p>\n<p><strong>C&rsquo;est la plus grande<\/strong> attraction culturelle d&rsquo;Ibiza: l&rsquo;un des endroits incontournables<strong> pour les touristes.<\/strong><\/p>\n<p>Elle est situ\u00e9e sur une <strong>petite colline, le Puig de Villa<\/strong> ; et la silhouette de Dalt Vila, couronn\u00e9e par la <strong>cath\u00e9drale d&rsquo;Ibiza<\/strong>, est l&rsquo;un <strong>des symboles de l&rsquo;\u00eele<\/strong> d&rsquo;Ibiza.<\/p>\n<p>Entre ses murs, on peut voir l&rsquo;<strong>empreinte laiss\u00e9e<\/strong> par les diff\u00e9rentes <strong>civilisations<\/strong> qui ont travers\u00e9 l&rsquo;\u00eele.<\/p>\n<p><strong>Les murs du XVI<\/strong>\u00a0si\u00e8cle ont \u00e9t\u00e9 construits durant quarante ans afin de <strong>prot\u00e9ger l&rsquo;\u00eele<\/strong> des attaques des <strong>Turcs.<\/strong><\/p>\n<p>L&rsquo;enceinte <strong>fortifi\u00e9e a une forme d&rsquo;heptagone<\/strong> irr\u00e9guli\u00e8re avec un <strong>rempart d\u00e9fensif<\/strong> \u00e0 chacun des sommets.<\/p>\n<h2 style=\"text-align: left;\">Vous recherchez une splendide villa \u00e0 Ibiza, pr\u00e8s de Dalt Vila, pour l&rsquo;\u00e9t\u00e9 2020? <span style=\"color: #3366ff;\"><a style=\"color: #3366ff;\" href=\"https:\/\/ibizavilla.com\/fr\/contact\/\">Contactez-nous<\/a><\/span>, nous avons de nombreuses propositions de villas et chalets pour vous.<\/h2>\n<p><a href=\"https:\/\/ibizavilla.com\/wp-content\/uploads\/2020\/07\/The-Fortified-City-of-Dalt-Vila-Ibiza-Villa.jpeg\"><img loading=\"lazy\" decoding=\"async\" class=\"alignnone size-large wp-image-76441\" src=\"https:\/\/ibizavilla.com\/wp-content\/uploads\/2020\/07\/The-Fortified-City-of-Dalt-Vila-Ibiza-Villa-1024x683.jpeg\" alt=\"The Fortified City of Dalt Vila Ibiza Villa\" width=\"1024\" height=\"683\" title=\"\" srcset=\"https:\/\/ibizavilla.com\/wp-content\/uploads\/2020\/07\/The-Fortified-City-of-Dalt-Vila-Ibiza-Villa-1024x683.jpeg 1024w, https:\/\/ibizavilla.com\/wp-content\/uploads\/2020\/07\/The-Fortified-City-of-Dalt-Vila-Ibiza-Villa-300x200.jpeg 300w, https:\/\/ibizavilla.com\/wp-content\/uploads\/2020\/07\/The-Fortified-City-of-Dalt-Vila-Ibiza-Villa-768x512.jpeg 768w, https:\/\/ibizavilla.com\/wp-content\/uploads\/2020\/07\/The-Fortified-City-of-Dalt-Vila-Ibiza-Villa-240x160.jpeg 240w, https:\/\/ibizavilla.com\/wp-content\/uploads\/2020\/07\/The-Fortified-City-of-Dalt-Vila-Ibiza-Villa.jpeg 1535w\" sizes=\"auto, (max-width: 1024px) 100vw, 1024px\" \/><\/a><\/p>\n<p>Pour les touristes, il<strong> existe trois itin\u00e9raires<\/strong> en fonction de ce qu&rsquo;ils veulent visiter: l&rsquo;<strong>itin\u00e9raire classique<\/strong> qui donne un aper\u00e7u du complexe <strong>historique<\/strong>;<\/p>\n<p>la <strong>Route des Remparts<\/strong> qui est la plus longue et longe le <strong>p\u00e9rim\u00e8tre<\/strong> des murs appr\u00e9ciant ses sept bastions aux <strong>vues imbattables<\/strong>;<\/p>\n<p>enfin la <strong>Route inconnue<\/strong>, pour ceux qui veulent se <strong>perdre<\/strong> dans les <strong>ruelles m\u00e9di\u00e9vales<\/strong>.<\/p>\n<p><strong>Le mur est d\u00e9limit\u00e9<\/strong> par sept bastions qui accueillent toutes sortes d&rsquo;\u00e9v\u00e9nements et de <strong>commerces pour<\/strong> le plaisir des touristes, qui peuvent <strong>entre autres<\/strong> s&rsquo;arr\u00eater dans l&rsquo;un<\/p>\n<p>des nombreux <strong>restaurants romantiques<\/strong> pour d\u00e9guster un bon d\u00eener. Dans le pass\u00e9, <strong>les bastions \u00e9taient<\/strong> utilis\u00e9s pour diverses t\u00e2ches de <strong>surveillance et de d\u00e9fense<\/strong>.<\/p>\n<p><a href=\"https:\/\/ibizavilla.com\/wp-content\/uploads\/2020\/07\/dalt-vila-ibiza-villa.jpeg\"><img loading=\"lazy\" decoding=\"async\" class=\"alignnone size-large wp-image-76433\" src=\"https:\/\/ibizavilla.com\/wp-content\/uploads\/2020\/07\/dalt-vila-ibiza-villa-1024x683.jpeg\" alt=\"dalt vila ibiza villa\" width=\"1024\" height=\"683\" title=\"\" srcset=\"https:\/\/ibizavilla.com\/wp-content\/uploads\/2020\/07\/dalt-vila-ibiza-villa-1024x683.jpeg 1024w, https:\/\/ibizavilla.com\/wp-content\/uploads\/2020\/07\/dalt-vila-ibiza-villa-300x200.jpeg 300w, https:\/\/ibizavilla.com\/wp-content\/uploads\/2020\/07\/dalt-vila-ibiza-villa-768x512.jpeg 768w, https:\/\/ibizavilla.com\/wp-content\/uploads\/2020\/07\/dalt-vila-ibiza-villa-240x160.jpeg 240w, https:\/\/ibizavilla.com\/wp-content\/uploads\/2020\/07\/dalt-vila-ibiza-villa.jpeg 1535w\" sizes=\"auto, (max-width: 1024px) 100vw, 1024px\" \/><\/a><\/p>\n<p>D&rsquo;une part, nous avons le <strong>bastion Es Portal Nou<\/strong> qui est l&rsquo;une des entr\u00e9es du site et est maintenant devenu un <strong>magnifique parc<\/strong> avec une sc\u00e8ne o\u00f9 se d\u00e9roulent<\/p>\n<p>certains des \u00e9v\u00e9nements les <strong>plus importants de la ville.<\/strong><\/p>\n<p>Mais le plus <strong>spectaculaire est le Portal de ses Taules<\/strong> avec vue sur le quartier de la <strong>Marina<\/strong>; derri\u00e8re ce portail se <strong>trouve le terrain<\/strong> de parade et de nombreux restaurants.<\/p>\n<p><strong>Si nous continuons \u00e0 monter,<\/strong> nous pouvons apercevoir le <strong>bastion de Santa Ll\u00facia<\/strong> et ses canons et depuis l\u00e0 vous pourrez atteindre le <strong>bastion de Sant Jordi<\/strong>,<\/p>\n<p>o\u00f9 il y a encore des vestiges de l&rsquo;<strong>ancienne muraille musulmane<\/strong>. Du <strong>bastion de Sant Bernat<\/strong>, vous pourrez <strong>admirer<\/strong> la vue incroyable sur l&rsquo;\u00eele voisine, <strong>Formentera et Ses Salines.<\/strong><\/p>\n<h3><\/h3>\n<h3><span style=\"color: #3366ff;\"><a style=\"color: #3366ff;\" href=\"https:\/\/ibizavilla.com\/fr\/\">Ibiza Villa<\/a><\/span>, nous sommes pr\u00e9sents \u00e0 Ibiza depuis de nombreuses ann\u00e9es, 2020 sera une ann\u00e9e tr\u00e8s difficile, nous sommes toujours l\u00e0 pour offrir un meilleur service.<\/h3>\n","protected":false},"excerpt":{"rendered":"<p>La ville fortifi\u00e9e de Dalt Vila a \u00e9t\u00e9 d\u00e9clar\u00e9e site du patrimoine mondial par l&rsquo;Unesco en 1999 et est l&rsquo;un des \u00e9l\u00e9ments architecturaux les plus pertinents d&rsquo;Ibiza. Dalt Vila signifie la ville haute (traduite d&rsquo;Ibiza) et repr\u00e9sente la vieille ville de l&rsquo;\u00eele. La ville fortifi\u00e9e est aussi un centre commercial et culturel. C&rsquo;est la plus &#8230;<\/p>\n","protected":false},"author":9,"featured_media":76438,"comment_status":"closed","ping_status":"open","sticky":false,"template":"","format":"standard","meta":{"_acf_changed":false,"_joinchat":[],"footnotes":""},"categories":[987,989],"tags":[1012],"class_list":["post-76461","post","type-post","status-publish","format-standard","has-post-thumbnail","hentry","category-curiosity-fr","category-ibiza-fr","tag-ibiza-2-fr"],"acf":[],"_links":{"self":[{"href":"https:\/\/ibizavilla.com\/fr\/wp-json\/wp\/v2\/posts\/76461","targetHints":{"allow":["GET"]}}],"collection":[{"href":"https:\/\/ibizavilla.com\/fr\/wp-json\/wp\/v2\/posts"}],"about":[{"href":"https:\/\/ibizavilla.com\/fr\/wp-json\/wp\/v2\/types\/post"}],"author":[{"embeddable":true,"href":"https:\/\/ibizavilla.com\/fr\/wp-json\/wp\/v2\/users\/9"}],"replies":[{"embeddable":true,"href":"https:\/\/ibizavilla.com\/fr\/wp-json\/wp\/v2\/comments?post=76461"}],"version-history":[{"count":0,"href":"https:\/\/ibizavilla.com\/fr\/wp-json\/wp\/v2\/posts\/76461\/revisions"}],"wp:featuredmedia":[{"embeddable":true,"href":"https:\/\/ibizavilla.com\/fr\/wp-json\/wp\/v2\/media\/76438"}],"wp:attachment":[{"href":"https:\/\/ibizavilla.com\/fr\/wp-json\/wp\/v2\/media?parent=76461"}],"wp:term":[{"taxonomy":"category","embeddable":true,"href":"https:\/\/ibizavilla.com\/fr\/wp-json\/wp\/v2\/categories?post=76461"},{"taxonomy":"post_tag","embeddable":true,"href":"https:\/\/ibizavilla.com\/fr\/wp-json\/wp\/v2\/tags?post=76461"}],"curies":[{"name":"wp","href":"https:\/\/api.w.org\/{rel}","templated":true}]}}