{"id":102638,"date":"2023-03-31T19:57:38","date_gmt":"2023-03-31T17:57:38","guid":{"rendered":"https:\/\/ibizavilla.com\/?p=102638"},"modified":"2023-04-01T11:16:29","modified_gmt":"2023-04-01T09:16:29","slug":"adlib-moda-storia-designer-collezioni-2023","status":"publish","type":"post","link":"https:\/\/ibizavilla.com\/it\/adlib-moda-storia-designer-collezioni-2023\/","title":{"rendered":"Adlib Moda: Storia, Designer, Collezioni 2023"},"content":{"rendered":"<p>&nbsp;<\/p>\n<p><a href=\"https:\/\/ibizavilla.com\/wp-content\/uploads\/2023\/03\/moda-adlib-ibiza-villa.jpg\"><img loading=\"lazy\" decoding=\"async\" class=\"alignnone size-full wp-image-102626\" src=\"https:\/\/ibizavilla.com\/wp-content\/uploads\/2023\/03\/moda-adlib-ibiza-villa.jpg\" alt=\"moda adlib ibiza villa\" width=\"1000\" height=\"666\" title=\"\" srcset=\"https:\/\/ibizavilla.com\/wp-content\/uploads\/2023\/03\/moda-adlib-ibiza-villa.jpg 1000w, https:\/\/ibizavilla.com\/wp-content\/uploads\/2023\/03\/moda-adlib-ibiza-villa-300x200.jpg 300w, https:\/\/ibizavilla.com\/wp-content\/uploads\/2023\/03\/moda-adlib-ibiza-villa-768x511.jpg 768w, https:\/\/ibizavilla.com\/wp-content\/uploads\/2023\/03\/moda-adlib-ibiza-villa-240x160.jpg 240w\" sizes=\"auto, (max-width: 1000px) 100vw, 1000px\" \/><\/a><\/p>\n<h1>Adlib Moda Ibiza<\/h1>\n<p><strong>Racchiude in un unico marchio<\/strong> tutto il meglio dell\u2019artigianato dell\u2019isola, possibile ritrovare <strong>i colori, gli stili e i trend dell\u2019isola<\/strong> in ogni <strong>capo d\u2019abbigliamento<\/strong> promosso dal <strong>brand<\/strong>. Pi\u00f9 che un marchio di <strong>moda Adlib<\/strong> \u00e8 una vero e proprio stile di vita, lo sui pu\u00f2 capire semplicemente analizzando il <strong>termine che identifica<\/strong> questo marchio, apocope dell\u2019espressione latina <strong>\u201cAd Libitum\u201d<\/strong>.<\/p>\n<p>La stessa espressione si pu\u00f2 <strong>tradurre con \u201dlibert\u00e0\u201d<\/strong>, concetto che in questo caso e per <strong>Adlib Ibiza significa \u201cvestiti come vuoi\u201d<\/strong>. Si tratta quindi di una <strong>diversa modalit\u00e0<\/strong> di concepire la moda, un pensiero, una corrente,<strong> che ha saputo<\/strong> farsi strada in tutto il mondo.<\/p>\n<p>Oggi <strong>Adlib Moda<\/strong> \u00e8 il marchio che pi\u00f9 rappresenta l\u2019isola di <strong>Ibiza nel mondo<\/strong>, tra le sue caratteristiche principali ci sono <strong>l\u2019alta qualit\u00e0 dei materiali<\/strong> utilizzati per realizzare i capi d\u2019abbigliamento, che vengono<strong> tutti lavorati artigianalmente sull\u2019isola<\/strong>, con metodi tradizionali.<\/p>\n<p>I tratti <strong>distintivi del marchio<\/strong>, ovvero quei valori che nel tempo sono riusciti a <strong>renderlo riconoscibile<\/strong> e amato dal pubblico, sono due: <strong>libert\u00e0 e buon gusto.<\/strong><\/p>\n<p>Di seguito ti indicheremo<strong> i brand che fanno parte di Adlib Moda<\/strong>, i designer, le collezioni, e infine gli <strong>eventi organizzati<\/strong> annualmente sull\u2019isola.<\/p>\n<p><strong>Ti piacerebbe visitare Ibiza<\/strong> e soggiornare in una <strong>villa di lusso<\/strong> vicino al mare? <span style=\"color: #3366ff;\"><strong><a style=\"color: #3366ff;\" href=\"https:\/\/ibizavilla.com\/it\/\">Ibiza Villa<\/a><\/strong><\/span> pu\u00f2 offrirti meravigliose ville, a pochi minuti dalle <strong>spiagge pi\u00f9 famose<\/strong> dell&#8217;isola. <strong>CONTATTACI<\/strong> !!<\/p>\n<p><a href=\"https:\/\/ibizavilla.com\/wp-content\/uploads\/2023\/03\/ibiza-villa-adlib-moda.jpg\"><img loading=\"lazy\" decoding=\"async\" class=\"alignnone size-large wp-image-102636\" src=\"https:\/\/ibizavilla.com\/wp-content\/uploads\/2023\/03\/ibiza-villa-adlib-moda-1024x554.jpg\" alt=\"ibiza villa adlib moda\" width=\"1024\" height=\"554\" title=\"\" srcset=\"https:\/\/ibizavilla.com\/wp-content\/uploads\/2023\/03\/ibiza-villa-adlib-moda-1024x554.jpg 1024w, https:\/\/ibizavilla.com\/wp-content\/uploads\/2023\/03\/ibiza-villa-adlib-moda-300x162.jpg 300w, https:\/\/ibizavilla.com\/wp-content\/uploads\/2023\/03\/ibiza-villa-adlib-moda-768x416.jpg 768w, https:\/\/ibizavilla.com\/wp-content\/uploads\/2023\/03\/ibiza-villa-adlib-moda.jpg 1386w\" sizes=\"auto, (max-width: 1024px) 100vw, 1024px\" \/><\/a><\/p>\n<h2>Adlib Moda: la Storia<\/h2>\n<p><strong>La storia di Adlib Moda<\/strong> si intreccia con quella pi\u00f9 recente dell\u2019isola, o meglio a <strong>partire dagli anni 70<\/strong>\u2019 fino ai giorni nostri. Tutto part\u00ec dall\u2019arrivo del <strong>movimento<\/strong> <span style=\"color: #3366ff;\"><strong><a style=\"color: #3366ff;\" href=\"https:\/\/it.wikipedia.org\/wiki\/Hippy\" target=\"_blank\" rel=\"noopener noreferrer\">hippie<\/a><\/strong><\/span> sull\u2019isola e dalla nascita <strong>dell\u2019Ibiza Fashion Week<\/strong> (prima edizione datata 1971).<\/p>\n<p>Fu la prima vera manifestazione organizzata sull\u2019isola,<strong> che attir\u00f2 turisti e visitatori da ogni angolo del mondo<\/strong>. I materiali lavorati a mano, la loro delicatezza e la loro <strong>qualit\u00e0<\/strong>, hanno fatto il resto.<\/p>\n<p>Questa nuova ventata di<strong> opportunit\u00e0 e multiculturalit\u00e0<\/strong> che aleggiava sull\u2019isola, si trasform\u00f2 in qualcosa di <strong>concreto ovvero Adlib Fashion<\/strong>. Il nuovo marchio nato sull\u2019isola di Ibiza cominci\u00f2 ad ispirare <strong>migliaia di giovani<\/strong>, di designer e di stilisti, tutti accomunati dallo stesso principio:<strong> libert\u00e0.<\/strong><\/p>\n<p>Un ruolo <strong>chiave nella nascita<\/strong> e nelle crescita del marchio lo ebbe la <strong>principessa jugoslava Smilja Mihailovitch<\/strong>, vera e propria ambasciatrice di<strong> questo nuovo stile<\/strong> nel mondo.<\/p>\n<p><strong>Fu proprio grazie<\/strong> a lei che i primi artigiani dell\u2019isola ottenere i <strong>permessi per organizzare<\/strong> la prima storica Adlib Fashion Week. La principessa mor\u00ec il 2 Novembre 1994, <strong>nella sua casa di Ibiza<\/strong>.<\/p>\n<p>Oggi, <strong>dopo 48 anni di attivit\u00e0<\/strong>, il marchio Adlib Ibiza continua a <strong>stupire ed ispirare i migliaia di turisti<\/strong> e stranieri che arrivano nelle Baleari. La filosofia \u00e8 <strong>rimasta la stessa<\/strong>, proprio come indicato dalla principessa Smilja: <strong>\u201cvestiti come vuoi, ma con stile\u201d.<\/strong><\/p>\n<p><a href=\"https:\/\/ibizavilla.com\/wp-content\/uploads\/2023\/03\/ibiza-villa-moda-adlib.jpg\"><img loading=\"lazy\" decoding=\"async\" class=\"alignnone size-large wp-image-102631\" src=\"https:\/\/ibizavilla.com\/wp-content\/uploads\/2023\/03\/ibiza-villa-moda-adlib-1024x677.jpg\" alt=\"ibiza villa moda adlib\" width=\"1024\" height=\"677\" title=\"\" srcset=\"https:\/\/ibizavilla.com\/wp-content\/uploads\/2023\/03\/ibiza-villa-moda-adlib-1024x677.jpg 1024w, https:\/\/ibizavilla.com\/wp-content\/uploads\/2023\/03\/ibiza-villa-moda-adlib-300x198.jpg 300w, https:\/\/ibizavilla.com\/wp-content\/uploads\/2023\/03\/ibiza-villa-moda-adlib-768x508.jpg 768w, https:\/\/ibizavilla.com\/wp-content\/uploads\/2023\/03\/ibiza-villa-moda-adlib-240x160.jpg 240w, https:\/\/ibizavilla.com\/wp-content\/uploads\/2023\/03\/ibiza-villa-moda-adlib.jpg 1123w\" sizes=\"auto, (max-width: 1024px) 100vw, 1024px\" \/><\/a><\/p>\n<h2 class=\"western\">Designer e Collezioni<\/h2>\n<p><strong>Tra i designer e gli stilisti<\/strong> che collaborano con Abdil ci sono le pi\u00f9 interessanti aziende e figure dell\u2019isola, dalla <strong>Scuola d\u2019Arte di Evissa<\/strong> fino alla storica azienda <strong>Espardenyes Torres<\/strong> specializzata nella produzione di <strong>calzature tradizionali<\/strong>.<\/p>\n<p>Presenti anche<strong> brand e stilisti<\/strong> che stanno riscuotendo un gran successo fuori dall\u2019isola come <strong>Elisa Pomar,<\/strong> Ibiza Stones, Tony Bonet, <strong>Vintage Ibiza<\/strong>, Virginia Vald.<\/p>\n<p><strong>Ecco tutti i marchi ed i designer di Adlib Moda:<\/strong> Dolors Mir\u00f2 Senallons &#8211; <strong>Escola d\u2019Art d\u2019Eivissa<\/strong> &#8211; Espardenyes Torres &#8211; Estrivancus &#8211; Etikology &#8211;<strong> Ibimoda<\/strong> &#8211; Ivanna Mestres &#8211; <strong>K de Kose Kose<\/strong> &#8211; Monika Maxim Ibiza &#8211; <strong>Piluca Bayarri<\/strong> &#8211; S72 Hat.<\/p>\n","protected":false},"excerpt":{"rendered":"<p>&nbsp; Adlib Moda Ibiza Racchiude in un unico marchio tutto il meglio dell\u2019artigianato dell\u2019isola, possibile ritrovare i colori, gli stili e i trend dell\u2019isola in ogni capo d\u2019abbigliamento promosso dal brand. Pi\u00f9 che un marchio di moda Adlib \u00e8 una vero e proprio stile di vita, lo sui pu\u00f2 capire semplicemente analizzando il termine che &#8230;<\/p>\n","protected":false},"author":9,"featured_media":102626,"comment_status":"open","ping_status":"open","sticky":false,"template":"","format":"standard","meta":{"_acf_changed":false,"_joinchat":[],"footnotes":""},"categories":[981,983],"tags":[],"class_list":["post-102638","post","type-post","status-publish","format-standard","has-post-thumbnail","hentry","category-curiosity-it","category-ibiza-it"],"acf":[],"_links":{"self":[{"href":"https:\/\/ibizavilla.com\/it\/wp-json\/wp\/v2\/posts\/102638","targetHints":{"allow":["GET"]}}],"collection":[{"href":"https:\/\/ibizavilla.com\/it\/wp-json\/wp\/v2\/posts"}],"about":[{"href":"https:\/\/ibizavilla.com\/it\/wp-json\/wp\/v2\/types\/post"}],"author":[{"embeddable":true,"href":"https:\/\/ibizavilla.com\/it\/wp-json\/wp\/v2\/users\/9"}],"replies":[{"embeddable":true,"href":"https:\/\/ibizavilla.com\/it\/wp-json\/wp\/v2\/comments?post=102638"}],"version-history":[{"count":0,"href":"https:\/\/ibizavilla.com\/it\/wp-json\/wp\/v2\/posts\/102638\/revisions"}],"wp:featuredmedia":[{"embeddable":true,"href":"https:\/\/ibizavilla.com\/it\/wp-json\/wp\/v2\/media\/102626"}],"wp:attachment":[{"href":"https:\/\/ibizavilla.com\/it\/wp-json\/wp\/v2\/media?parent=102638"}],"wp:term":[{"taxonomy":"category","embeddable":true,"href":"https:\/\/ibizavilla.com\/it\/wp-json\/wp\/v2\/categories?post=102638"},{"taxonomy":"post_tag","embeddable":true,"href":"https:\/\/ibizavilla.com\/it\/wp-json\/wp\/v2\/tags?post=102638"}],"curies":[{"name":"wp","href":"https:\/\/api.w.org\/{rel}","templated":true}]}}