{"id":65651,"date":"2019-08-26T19:23:36","date_gmt":"2019-08-26T17:23:36","guid":{"rendered":"https:\/\/ibizavilla.com\/?p=65651"},"modified":"2025-12-22T10:20:04","modified_gmt":"2025-12-22T09:20:04","slug":"affitto-villa-ibiza-fiducia-loriane","status":"publish","type":"post","link":"https:\/\/ibizavilla.com\/it\/affitto-villa-ibiza-fiducia-loriane\/","title":{"rendered":"Conosciamo: la Ibiza di Loriane"},"content":{"rendered":"<p>&nbsp;<\/p>\n<p>Loriane viaggi\u00f2 dai paesaggi montanari dei pirenei francesi alle colline e spiagge ibizenche e si innamor\u00f2 dell\u2019isola. La sua passione per Ibiza la dimostra con i clienti di Ibiza Villa, ai quali consiglia e aiuta in tutto ci\u00f2 di cui hanno bisogno durante il loro affitto di villa di fiducia in Ibiza.<\/p>\n<p>Diplomata in Turismo, parla francese, inglese e spagnolo, e lavora con entusiasmo presso Ibiza Villa dal 2008, quando arriv\u00f2 sull\u2019isola in cerca della sua avventura ibizenca. Quella prima stagione sull\u2019isola l\u2019ha portata fino a qui e in questa intervista ci parla della sua esperienza presso l\u2019agenzia e dei suoi angoli preferiti d\u2019Ibiza.<\/p>\n<h2>Loriane e Ibiza Villa<\/h2>\n<p><em><strong>Quando fu la prima volta che sei venuta a Ibiza?<\/strong><\/em><\/p>\n<p>Fu nel 2006, un viaggio di 5 giorni con la mia sorella maggiore durante il quale mi innamorai dell\u2019isola. Furono pochi giorni, pero molto intensi e mi ricordo di aver pianto durante il viaggio di ritorno perch\u00e8 non volevo andarmene.<\/p>\n<p><em><strong>Che cosa ti piacque in quel momento dell\u2019isola?<\/strong><\/em><\/p>\n<p>Quel viaggio fu principalmente festa e spiaggia. Pero qualcosa di pi\u00f9 mi sedusse: l\u2019ambiente generale dell\u2019isola, la tolleranza della gente, i paesaggi&#8230;. E la luce dell\u2019isola, che mi continua a piacere ogni volta che ci ritorno.<\/p>\n<p><strong><em>Quando cominciasti a lavorare presso Ibiza Villa?<\/em> <\/strong><\/p>\n<p>Cominciai a lavorare per l\u00b4agenzia nel 2008, dopo aver deciso assieme alle mie due sorelle maggiori di provare a passare una stagione estiva a Ibiza. Al nostro arrivo incontrammo un annuncio nel Diario de Ibiza di un\u2019agenzia che stava cercando una babysitter per seguire dei bambini di alcuni dei suoi clienti a Luglio. Abbiamo chiamato e\u2026 sono gi\u00e0 passate 12 stagioni estive lavorando per offrire al <strong>meglio affitto di villa di fiducia in Ibiza!<\/strong><\/p>\n<div id=\"attachment_61867\" style=\"width: 815px\" class=\"wp-caption aligncenter\"><a href=\"https:\/\/ibizavilla.com\/wp-content\/uploads\/2019\/04\/can_puig_de_mar_open.jpg\"><img loading=\"lazy\" decoding=\"async\" aria-describedby=\"caption-attachment-61867\" class=\"size-full wp-image-61867\" src=\"https:\/\/ibizavilla.com\/wp-content\/uploads\/2019\/04\/can_puig_de_mar_open.jpg\" alt=\"villas de lujo en Ibiza para 12 personas\" width=\"805\" height=\"455\" title=\"\" srcset=\"https:\/\/ibizavilla.com\/wp-content\/uploads\/2019\/04\/can_puig_de_mar_open.jpg 805w, https:\/\/ibizavilla.com\/wp-content\/uploads\/2019\/04\/can_puig_de_mar_open-300x170.jpg 300w, https:\/\/ibizavilla.com\/wp-content\/uploads\/2019\/04\/can_puig_de_mar_open-768x434.jpg 768w\" sizes=\"auto, (max-width: 805px) 100vw, 805px\" \/><\/a><p id=\"caption-attachment-61867\" class=\"wp-caption-text\">Can Puig de Mar. \u00a9 Ibiza Villa<\/p><\/div>\n<p>&nbsp;<\/p>\n<p><em><strong>Tu che conosci molto bene le ville del vostro catalogo, quale sceglieresti per trascorrere delle ferie romantiche?<\/strong><\/em><\/p>\n<p>Presso <a href=\"https:\/\/ibizavilla.com\/properties\/can-puig-de-mar\/\"><u>Can Puig de Mar<\/u><\/a>, che ha una vista meravigliosa ! E puoi goderti il tramonto dal jacuzzi sul tetto con un calice di champagne e fragole!<\/p>\n<p><em><strong>E per goderti della Ibiza pi\u00f9 tranquilla e autentica?<\/strong><\/em><\/p>\n<p><a href=\"https:\/\/ibizavilla.com\/it\/affitto\/\">Can Basso<\/a> o Casa Petita, due tradizionali finche ibizenche ubicate in aperta campagna, circondate da un silenzio molto apprezzabile.<\/p>\n<p><em><strong>E quella che sogneresti di comprarti?<\/strong><\/em><\/p>\n<p><a href=\"https:\/\/ibizavilla.com\/it\/affitto\/\">Can Julio <\/a>per la sua ubicazione, in cima ad una collina nella zona di Es Cubells.<\/p>\n<div id=\"attachment_61302\" style=\"width: 919px\" class=\"wp-caption aligncenter\"><a href=\"https:\/\/ibizavilla.com\/wp-content\/uploads\/2019\/04\/iv-can-julio-aisladas.jpg\"><img loading=\"lazy\" decoding=\"async\" aria-describedby=\"caption-attachment-61302\" class=\"size-full wp-image-61302\" src=\"https:\/\/ibizavilla.com\/wp-content\/uploads\/2019\/04\/iv-can-julio-aisladas.jpg\" alt=\"Can Julio es una de nuestras villas m\u0087s ailsadas en Ibiza - secluded villas in Ibiza - Ibiza Villa\" width=\"909\" height=\"600\" title=\"\" srcset=\"https:\/\/ibizavilla.com\/wp-content\/uploads\/2019\/04\/iv-can-julio-aisladas.jpg 909w, https:\/\/ibizavilla.com\/wp-content\/uploads\/2019\/04\/iv-can-julio-aisladas-300x198.jpg 300w, https:\/\/ibizavilla.com\/wp-content\/uploads\/2019\/04\/iv-can-julio-aisladas-768x507.jpg 768w\" sizes=\"auto, (max-width: 909px) 100vw, 909px\" \/><\/a><p id=\"caption-attachment-61302\" class=\"wp-caption-text\">Can Julio &#8211; Ibiza Villa<\/p><\/div>\n<p>&nbsp;<\/p>\n<p><em><strong>Cosa ti piace di pi\u00f9 del tuo lavoro?<br \/>\n<\/strong><\/em><\/p>\n<p>Il contatto con la gente. Ciascun giorno aiuto gente nuova que viene a Ibiza a riposarsi e a scoprire i gioielli dell\u2019isola. La mia missione \u00e8 fare il necessario affinch\u00e8 stiano bene e che possano godersi al 100% il loro soggiorno. \u00a1m\u2019incanta il <strong>momento del check-in<\/strong>, quando li mostro la casa e consiglio loro i migliori luoghi nei dintorni per godersi una giornata in spiaggia, dove uscire, dove andare a mangiare, dove comprare frutta fresca, etc .<\/p>\n<p><em><strong>Quali sono i tre consigli che dai sempre per scegliere un affitto di villa di fiducia in Ibiza?<\/strong><\/em><\/p>\n<p><strong>Il primo: verificare l\u2019esistenza del locatore prima di pagare;<\/strong> di fatti, ogni anno riceviamo chiamate da clienti che sono vittime di truffe nei portali delle varie webs. Arrivono a Ibiza e si ritrovano senza casa e, in alcuni casi, avendo pagato gi\u00e0 per intero l\u2019affitto.\u00a1 E in piena stagione estiva, risulta quasi impossibile trovare una casa in Ibiza per il giorno stesso!<\/p>\n<p><strong>Il secondo: <\/strong>assicurarsi che la<strong> zona dove sia ubicata la casa corrisponda alle aspettative del gruppo<\/strong>. Per esempio: se si desidera uscire di festa non \u00e8 consigliabile affittare una casa a San Miguel perch\u00e8 si dovr\u00e0 percorrere 45 minuti di strada ogni volta che si desidera uscire. E al contrario: una famiglia che cerca tranquillit\u00e0 non dovra affittare una casa a San Antonio o a Playa den Bossa, in quanto non sono zone adatte ai bambini<strong>.<\/strong><\/p>\n<p><strong>E il terzo: <\/strong>fare una lista di tutte le necessit\u00e0 del gruppo e avvertire il locatore con anticipo<strong> per poter prenotare ogni genere di servizio<\/strong>: noleggio auto, noleggio barca, babysitter, chef a domicilio, massaggi, etc. Di fatti, questo genere di prestazioni generalmente si prenotano vari mesi prima dell\u2019arrivo per assicurarsi la disponibilit\u00e0. \u00a1 Trovare una babysitter il giorno stesso dell\u2019arrivo \u00e8 quasi impossibile!<\/p>\n<p>In definitiva: per incontrare un affitto di villa di fiducia in Ibiza \u00e8 consigliabile che <strong>prenotino con noi per <a href=\"https:\/\/ibizavilla.com\/it\/consigli-affitto-sicuro-ville-ibiza\/\">evitare truffe<\/a><\/strong> e ricevere buoni consigli ed eccellenti servizi.<\/p>\n<p><a href=\"https:\/\/ibizavilla.com\/wp-content\/uploads\/2019\/04\/nueva-web-villas.jpg\"><img loading=\"lazy\" decoding=\"async\" class=\"size-full wp-image-60521\" src=\"https:\/\/ibizavilla.com\/wp-content\/uploads\/2019\/04\/nueva-web-villas.jpg\" alt=\"empresa de confianza de alquiler de villas de lujo en Ibiza\" width=\"909\" height=\"600\" title=\"\" srcset=\"https:\/\/ibizavilla.com\/wp-content\/uploads\/2019\/04\/nueva-web-villas.jpg 909w, https:\/\/ibizavilla.com\/wp-content\/uploads\/2019\/04\/nueva-web-villas-300x198.jpg 300w, https:\/\/ibizavilla.com\/wp-content\/uploads\/2019\/04\/nueva-web-villas-768x507.jpg 768w\" sizes=\"auto, (max-width: 909px) 100vw, 909px\" \/><\/a><\/p>\n<p>&nbsp;<\/p>\n<h2><strong>Loriane e Ibiza<\/strong><\/h2>\n<p><strong>Qual\u2019\u00e8 la spiaggia o caletta in Ibiza che preferisci?<\/strong><\/p>\n<p>\u00a1Cala Bassa per il suo paesaggio e le sue acque. Pero ci si deve arrivare presto e non avere allergie alla massa di gente (ride)<\/p>\n<p><strong>E il chiringuito sulla spiaggia?<\/strong><\/p>\n<p>Mi piace lo scenario di <a href=\"https:\/\/www.tropicanaibiza.com\/\" target=\"_blank\" rel=\"noopener\">Tropicana<\/a>, a Cala Jondal, seppur la spiaggia sia di ciottoli.<\/p>\n<p><em><strong>In estate, ti piace sempre\u2026.<\/strong><\/em><\/p>\n<p>Ammirare il tramonto con un bicchiere di vino.<\/p>\n<p><a href=\"https:\/\/ibizavilla.com\/wp-content\/uploads\/2019\/08\/loriane-beach.jpg\"><img loading=\"lazy\" decoding=\"async\" class=\"aligncenter size-full wp-image-65632\" src=\"https:\/\/ibizavilla.com\/wp-content\/uploads\/2019\/08\/loriane-beach.jpg\" alt=\"\" width=\"900\" height=\"607\" title=\"\" srcset=\"https:\/\/ibizavilla.com\/wp-content\/uploads\/2019\/08\/loriane-beach.jpg 900w, https:\/\/ibizavilla.com\/wp-content\/uploads\/2019\/08\/loriane-beach-300x202.jpg 300w, https:\/\/ibizavilla.com\/wp-content\/uploads\/2019\/08\/loriane-beach-768x518.jpg 768w\" sizes=\"auto, (max-width: 900px) 100vw, 900px\" \/><\/a><br \/>\n<em><strong>E in inverno\u2026<br \/>\n<\/strong><\/em>Gustarmi il silenzio dell\u2019isola, dei mandorli in fiore a Santa Ign\u00e9s, passeggiare per i mercatini&#8230;.<\/p>\n<p><em><strong>Se dovessi regalare un ricordo d\u2019Ibiza, cosa sceglieresti fra le seguenti opzioni?:<\/strong><\/em><\/p>\n<ul>\n<li>Una soprassata o un formaggio di pecora con rosmarino e paprica?: \u00a1Un formaggio di pecora senza dubbio!<\/li>\n<li>Una bottiglia di hierbas ibicencas o una ensaimada? Bottiglia di hierbas, pero fatta in casa.<\/li>\n<li>Un dolce di &#8220;fla\u00f3&#8221; o una borsa di &#8220;orelletes&#8221;?:\u00a0 Un dolce di flao, seppur all\u2019inizio non mi piaceva molto come adesso<\/li>\n<li>Un capazo o un vestido Adlib?: Il capazo o \u201csenallon\u201d, che \u00e8 la tipica cesta d\u2019Ibiza\u2026<\/li>\n<\/ul>\n<p><strong><em>Quali sono le 5 visite da fare che consigli ai tuoi clienti?<\/em> <\/strong><\/p>\n<ul>\n<li>Dalt Vila, senza dubio.<\/li>\n<li>San Juan e il suo mercatino della domenica.<\/li>\n<li>Una passeggiata per la costa est dell\u2019isola, dalla spiaggia di Es Niu Blau fino a Es Canar.<\/li>\n<li>Un tramonto a Es Vedr\u00e0, seppur in questi giorni ci sia cos\u00ec tanta gente e non appare tanto magico come prima<\/li>\n<li>E per quinta \u2026 \u00a1Contattarmi e vi racconter\u00f2 il resto durante il check-in! (Ride)<\/li>\n<\/ul>\n<p>&nbsp;<\/p>\n<p><a href=\"https:\/\/ibizavilla.com\/wp-content\/uploads\/2019\/08\/loriane-es-vedra.jpg\"><img loading=\"lazy\" decoding=\"async\" class=\"aligncenter size-full wp-image-65627\" src=\"https:\/\/ibizavilla.com\/wp-content\/uploads\/2019\/08\/loriane-es-vedra.jpg\" alt=\"\" width=\"900\" height=\"607\" title=\"\" srcset=\"https:\/\/ibizavilla.com\/wp-content\/uploads\/2019\/08\/loriane-es-vedra.jpg 900w, https:\/\/ibizavilla.com\/wp-content\/uploads\/2019\/08\/loriane-es-vedra-300x202.jpg 300w, https:\/\/ibizavilla.com\/wp-content\/uploads\/2019\/08\/loriane-es-vedra-768x518.jpg 768w\" sizes=\"auto, (max-width: 900px) 100vw, 900px\" \/><\/a><\/p>\n<p><em><strong>E i tre ristoranti che non ti puoi perdere durante le ferie a Ibiza<\/strong><strong>?<\/strong><\/em><\/p>\n<ul>\n<li>Es Boldad\u00f3, per un viaggio sia culinario che paesaggistico.<\/li>\n<li>Amante, per le medesime ragioni.<\/li>\n<li>Can Berri Vell, per un viaggio nel tempo.<\/li>\n<\/ul>\n<p><em><strong>Per ultimo, con quali parole definiresti Ibiza?<br \/>\n<\/strong><\/em><\/p>\n<p>Bellezza, semplicit\u00e0 e autenticit\u00e0.<\/p>\n<p style=\"text-align: center\">***<\/p>\n<p>&nbsp;<\/p>\n","protected":false},"excerpt":{"rendered":"<p>&nbsp; Loriane viaggi\u00f2 dai paesaggi montanari dei pirenei francesi alle colline e spiagge ibizenche e si innamor\u00f2 dell\u2019isola. La sua passione per Ibiza la dimostra con i clienti di Ibiza Villa, ai quali consiglia e aiuta in tutto ci\u00f2 di cui hanno bisogno durante il loro affitto di villa di fiducia in Ibiza. Diplomata in &#8230;<\/p>\n","protected":false},"author":9,"featured_media":65645,"comment_status":"closed","ping_status":"closed","sticky":false,"template":"","format":"standard","meta":{"_acf_changed":false,"_joinchat":[],"footnotes":""},"categories":[372],"tags":[1001],"class_list":["post-65651","post","type-post","status-publish","format-standard","has-post-thumbnail","hentry","category-servizi","tag-ibiza-villa-en-it"],"acf":[],"_links":{"self":[{"href":"https:\/\/ibizavilla.com\/it\/wp-json\/wp\/v2\/posts\/65651","targetHints":{"allow":["GET"]}}],"collection":[{"href":"https:\/\/ibizavilla.com\/it\/wp-json\/wp\/v2\/posts"}],"about":[{"href":"https:\/\/ibizavilla.com\/it\/wp-json\/wp\/v2\/types\/post"}],"author":[{"embeddable":true,"href":"https:\/\/ibizavilla.com\/it\/wp-json\/wp\/v2\/users\/9"}],"replies":[{"embeddable":true,"href":"https:\/\/ibizavilla.com\/it\/wp-json\/wp\/v2\/comments?post=65651"}],"version-history":[{"count":4,"href":"https:\/\/ibizavilla.com\/it\/wp-json\/wp\/v2\/posts\/65651\/revisions"}],"predecessor-version":[{"id":118527,"href":"https:\/\/ibizavilla.com\/it\/wp-json\/wp\/v2\/posts\/65651\/revisions\/118527"}],"wp:featuredmedia":[{"embeddable":true,"href":"https:\/\/ibizavilla.com\/it\/wp-json\/wp\/v2\/media\/65645"}],"wp:attachment":[{"href":"https:\/\/ibizavilla.com\/it\/wp-json\/wp\/v2\/media?parent=65651"}],"wp:term":[{"taxonomy":"category","embeddable":true,"href":"https:\/\/ibizavilla.com\/it\/wp-json\/wp\/v2\/categories?post=65651"},{"taxonomy":"post_tag","embeddable":true,"href":"https:\/\/ibizavilla.com\/it\/wp-json\/wp\/v2\/tags?post=65651"}],"curies":[{"name":"wp","href":"https:\/\/api.w.org\/{rel}","templated":true}]}}